{"id":453,"date":"2021-09-20T13:53:22","date_gmt":"2021-09-20T13:53:22","guid":{"rendered":"https:\/\/congresogro.gob.mx\/63\/inicio\/?p=453"},"modified":"2021-09-21T13:54:19","modified_gmt":"2021-09-21T13:54:19","slug":"presenta-grupo-parlamentario-de-morena-su-agenda-legislativa","status":"publish","type":"post","link":"https:\/\/congresogro.gob.mx\/63\/inicio\/2021\/09\/20\/presenta-grupo-parlamentario-de-morena-su-agenda-legislativa\/","title":{"rendered":"PRESENTA GRUPO PARLAMENTARIO DE MORENA SU AGENDA LEGISLATIVA"},"content":{"rendered":"<p style=\"text-align: justify;\"><strong>Chilpancingo, Gro., 20 de septiembre de 2021.- <\/strong>El Grupo Parlamentario de Morena en la LXIII Legislatura al Congreso del Estado present\u00f3 su agenda legislativa, misma que prioriza reformas en materia de finanzas, derechos humanos, seguridad y justicia, anticorrupci\u00f3n, derechos de los pueblos ind\u00edgenas, seguridad social, econom\u00eda, agua, reforma electoral, fortalecimiento municipal, austeridad gubernamental, bienestar social, igualdad de g\u00e9nero y medio ambiente.<\/p>\n<p style=\"text-align: justify;\">Al dar lectura al documento, en el marco de una conferencia de prensa desarrollada este lunes, el coordinador de dicho grupo, diputado Alfredo S\u00e1nchez Esquivel, resalt\u00f3 que \u00e9sta es una agenda congruente con los postulados que dieron origen al movimiento de regeneraci\u00f3n de los cimientos del pa\u00eds misma que fue elaborada con toda responsabilidad y compromiso por parte de las y los legisladores, tendente a dar respuesta a las aspiraciones de justicia, paz y bienestar de las y los guerrerenses.<\/p>\n<p style=\"text-align: justify;\">Refiri\u00f3 que en relaci\u00f3n a lo econ\u00f3mico, se realizar\u00e1n reformas a la Ley de Presupuesto y Disciplina Fiscal del Estado para priorizar recursos en favor de los rubros de infraestructura hospitalaria y la protecci\u00f3n de ni\u00f1as, ni\u00f1os, adolescentes, mujeres y adultos mayores, con criterios de derechos humanos, visi\u00f3n de g\u00e9nero y bienestar social.<\/p>\n<p style=\"text-align: justify;\">En materia electoral, se buscar\u00e1 reformar la Ley de Instituciones y Procedimientos Electorales del Estado de Guerrero para disminuir la asignaci\u00f3n de recursos ordinarios y de campa\u00f1a para los partidos pol\u00edticos.<\/p>\n<p style=\"text-align: justify;\">En salud, proponen armonizar la Ley General de Salud en la entidad para mejorar la distribuci\u00f3n de medicamentos, fortalecer la formaci\u00f3n de m\u00e9dicos especialistas, crear un observatorio ciudadano de los procesos de creaci\u00f3n y modernizaci\u00f3n de infraestructura y especializaci\u00f3n, reconocimiento a la parter\u00eda tradicional, garantizar que la poblaci\u00f3n joven tenga derechos y acceso a la informaci\u00f3n de salud y reproductiva, regular la asistencia para la interrupci\u00f3n legal del embarazo y reconocer al personal de salud por su profesionalismo y entrega durante la pandemia.<\/p>\n<p style=\"text-align: justify;\">Para coadyuvar al combate a la corrupci\u00f3n y a la rendici\u00f3n de cuentas, plantean crear una Ley de Gobierno Digital del Estado\u00a0 de Guerrero, que\u00a0 establezca un marco\u00a0 de gesti\u00f3n\u00a0 operacional\u00a0 de servicios digitales y la prestaci\u00f3n de servicios, as\u00ed como reformar la Ley de Responsabilidades Administrativas para\u00a0 normar y promover el desempe\u00f1o \u00e9tico en la funci\u00f3n p\u00fablica, y para prevenir, detectar y sancionar la corrupci\u00f3n de los servidores p\u00fablicos.<\/p>\n<p style=\"text-align: justify;\">Asimismo, pretenden reformar la Ley de Transparencia y Acceso a la Informaci\u00f3n P\u00fablica del Estado para fortalecer la rendici\u00f3n de cuentas por parte de los \u00f3rganos p\u00fablicos, para que la\u00a0 sociedad conozca en qu\u00e9 se utilizaron los recursos, y se legislar\u00e1 para fortalecer la transparencia de los procedimientos de contrataci\u00f3n de\u00a0 obras p\u00fablicas y de sus servicios.<\/p>\n<p style=\"text-align: justify;\">En lo que respecta a los derechos humanos, proponen reformar la Ley Para Prevenir y Sancionar la Desaparici\u00f3n Forzada de Personas, ajustando la implementaci\u00f3n de medidas eficaces contra la problem\u00e1tica.<\/p>\n<p style=\"text-align: justify;\">Tambi\u00e9n la Ley de la Juventud Guerrerense, garantizando los derechos\u00a0 fundamentales<\/p>\n<p style=\"text-align: justify;\">de este\u00a0 sector, y una reforma integral para el reconocimiento pleno de los pueblos originarios y afromexicanos.<\/p>\n<p style=\"text-align: justify;\">En materia de g\u00e9nero, plantean la creaci\u00f3n de Unidades de G\u00e9nero apegadas a los derechos humanos en las dependencias del Poder Ejecutivo, Legislativo, Judicial y municipios, as\u00ed como el fortalecimiento de los mecanismos de prevenci\u00f3n y atenci\u00f3n en materia de violencia de g\u00e9nero,\u00a0 como la pol\u00edtica y la obst\u00e9trica, y el reconocimiento pleno a\u00a0 los derechos sociales, culturales y jur\u00eddicos de las parejas del\u00a0 mismo\u00a0 sexo.<\/p>\n<p style=\"text-align: justify;\">Tambi\u00e9n, para contribuir al bienestar y combate de la pobreza, los legisladores sugieren consolidar la denominaci\u00f3n de origen de las artesan\u00edas del estado y apoyar constantemente la exposici\u00f3n de \u00e9stas.<\/p>\n<p style=\"text-align: justify;\">Proponen, adem\u00e1s, reformas a la Ley de Desarrollo\u00a0 Rural\u00a0 Sustentable para fomentar la agroindustria con un enfoque integral de cadena agroalimentaria\u00a0 e\u00a0 impulso a\u00a0 los\u00a0 procesos para dar valor\u00a0 agregado\u00a0 a los productos.<\/p>\n<p style=\"text-align: justify;\">Y por \u00faltimo, acciones contundentes en los rubros de medio ambiente, econom\u00eda, turismo, pol\u00edtica y gobierno, movilidad y transporte, comunicaci\u00f3n, ciencia y tecnolog\u00eda, y reformas al Poder Legislativo para que, entre otras cosas, se ampl\u00eden los periodos ordinarios de sesiones y fortalecer el trabajo de las unidades administrativas y parlamentarias, con el fin de evitar el rezago legislativo.<\/p>\n","protected":false},"excerpt":{"rendered":"<p>Chilpancingo, Gro., 20 de septiembre de 2021.- El Grupo Parlamentario de Morena en la LXIII Legislatura al Congreso del Estado present\u00f3 su agenda legislativa, misma que prioriza reformas en materia de finanzas, derechos humanos, seguridad y justicia, anticorrupci\u00f3n, derechos de los pueblos ind\u00edgenas, seguridad social, econom\u00eda, agua, reforma electoral, fortalecimiento municipal, austeridad gubernamental, bienestar social,&#8230;<\/p>\n","protected":false},"author":1,"featured_media":454,"comment_status":"closed","ping_status":"open","sticky":false,"template":"","format":"standard","meta":{"_monsterinsights_skip_tracking":false,"_monsterinsights_sitenote_active":false,"_monsterinsights_sitenote_note":"","_monsterinsights_sitenote_category":0,"footnotes":""},"categories":[3],"tags":[],"class_list":["post-453","post","type-post","status-publish","format-standard","has-post-thumbnail","hentry","category-boletin"],"aioseo_notices":[],"_links":{"self":[{"href":"https:\/\/congresogro.gob.mx\/63\/inicio\/wp-json\/wp\/v2\/posts\/453","targetHints":{"allow":["GET"]}}],"collection":[{"href":"https:\/\/congresogro.gob.mx\/63\/inicio\/wp-json\/wp\/v2\/posts"}],"about":[{"href":"https:\/\/congresogro.gob.mx\/63\/inicio\/wp-json\/wp\/v2\/types\/post"}],"author":[{"embeddable":true,"href":"https:\/\/congresogro.gob.mx\/63\/inicio\/wp-json\/wp\/v2\/users\/1"}],"replies":[{"embeddable":true,"href":"https:\/\/congresogro.gob.mx\/63\/inicio\/wp-json\/wp\/v2\/comments?post=453"}],"version-history":[{"count":1,"href":"https:\/\/congresogro.gob.mx\/63\/inicio\/wp-json\/wp\/v2\/posts\/453\/revisions"}],"predecessor-version":[{"id":455,"href":"https:\/\/congresogro.gob.mx\/63\/inicio\/wp-json\/wp\/v2\/posts\/453\/revisions\/455"}],"wp:featuredmedia":[{"embeddable":true,"href":"https:\/\/congresogro.gob.mx\/63\/inicio\/wp-json\/wp\/v2\/media\/454"}],"wp:attachment":[{"href":"https:\/\/congresogro.gob.mx\/63\/inicio\/wp-json\/wp\/v2\/media?parent=453"}],"wp:term":[{"taxonomy":"category","embeddable":true,"href":"https:\/\/congresogro.gob.mx\/63\/inicio\/wp-json\/wp\/v2\/categories?post=453"},{"taxonomy":"post_tag","embeddable":true,"href":"https:\/\/congresogro.gob.mx\/63\/inicio\/wp-json\/wp\/v2\/tags?post=453"}],"curies":[{"name":"wp","href":"https:\/\/api.w.org\/{rel}","templated":true}]}}