{"id":4528,"date":"2022-08-31T11:24:20","date_gmt":"2022-08-31T16:24:20","guid":{"rendered":"https:\/\/congresogro.gob.mx\/63\/inicio\/?p=4528"},"modified":"2022-09-02T11:25:42","modified_gmt":"2022-09-02T16:25:42","slug":"presentan-ante-diputados-y-alcaldes-el-programa-abasto-social-de-leche","status":"publish","type":"post","link":"https:\/\/congresogro.gob.mx\/63\/inicio\/2022\/08\/31\/presentan-ante-diputados-y-alcaldes-el-programa-abasto-social-de-leche\/","title":{"rendered":"PRESENTAN ANTE DIPUTADOS Y ALCALDES  EL PROGRAMA \u201cABASTO SOCIAL DE LECHE\u201d"},"content":{"rendered":"<p style=\"text-align: justify;\"><strong>Chilpancingo, Gro., a 31 de agosto 2022<\/strong>.- La y los diputados Beatriz Mojica Morga, Alfredo S\u00e1nchez Esquivel y Fortunato Hern\u00e1ndez Carbajal participaron en la presentaci\u00f3n del programa Abasto Social de Leche, enfocado a lograr que los programas de atenci\u00f3n alimentaria que subsidia el Gobierno Federal lleguen a donde m\u00e1s se necesitan, con el apoyo y coordinaci\u00f3n de los municipios.<\/p>\n<p style=\"text-align: justify;\">En el marco del encuentro realizado en las instalaciones del Congreso del Estado, la diputada Mojica Morga refiri\u00f3 que la inflaci\u00f3n ha venido aumentando de manera sistem\u00e1tica por causa de la crisis global, lo cual ha afectado de forma dr\u00e1stica la econom\u00eda de las familias guerrerenses, quienes sufren para poder cubrir la canasta b\u00e1sica en sus hogares.<\/p>\n<p style=\"text-align: justify;\">Ante esto, indic\u00f3 que es necesario que los padrones de beneficiarios aumenten en los municipios m\u00e1s alejados con poblaci\u00f3n en extrema pobreza, as\u00ed como entre los grupos vulnerables, de tal forma que tengan acceso a productos de bajo costo como los que ofrecen Diconsa y Liconsa.<\/p>\n<p style=\"text-align: justify;\">Consider\u00f3 de suma importancia esta mesa de trabajo porque representa un acercamiento entre las instancias federales y las autoridades municipales, con miras a generar una sinergia positiva en los municipios para que tambi\u00e9n generen acciones en favor de los que menos tienen.<\/p>\n<p style=\"text-align: justify;\">En su participaci\u00f3n, el presidente de la Junta de Coordinaci\u00f3n Pol\u00edtica, diputado Alfredo S\u00e1nchez Esquivel, expres\u00f3 que el Poder Legislativo es neutral y su esencia es coadyuvar con los diferentes niveles de Gobierno en la tarea de dar respuesta a la demanda social.<\/p>\n<p style=\"text-align: justify;\">Aprovech\u00f3 para reconocer el trabajo de su hom\u00f3loga Mojica Morga, quien despliega una importante labor con las familias m\u00e1s necesitadas y los grupos vulnerables. En ese sentido, indic\u00f3 que el programa de Abasto Social de Leche ser\u00e1 de gran impacto para la econom\u00eda de las y los guerrerenses.<\/p>\n<p style=\"text-align: justify;\">S\u00e1nchez Esquivel respondi\u00f3 tambi\u00e9n a inquietudes de los presidentes municipales en torno a la falta de recursos, asegur\u00e1ndoles que todas sus demandas expuestas ser\u00e1n contempladas en el presupuesto del pr\u00f3ximo a\u00f1o.<\/p>\n<p style=\"text-align: justify;\">A este encuentro asistieron la delegada de LICONSA en Guerrero, Corey S\u00e1nchez Silvar; el subgerente de las tiendas Diconsa, Rodolfo Anselmo Amador Amador; por el Programa de Precios de Garant\u00eda las jefas de Unidad 014 Norte y Sur del estado de Guerrero, Isabel Pacheco N\u00fa\u00f1ez y Antelma de la Cruz Clemente, y el coordinador estatal del Programa de Fertilizante, Jos\u00e9 Benito Ju\u00e1rez Ortiz, adem\u00e1s de los presidentes municipales de Atlixtac, Leonardo Mu\u00f1oz Tapia; Cocula, Carlos Alberto Duarte Bahena; Copanatoyac, Eleuterio Reyes Calleja; Cutzamala de Pinz\u00f3n, Rosa Jaimes L\u00f3pez; Ixcateopan, Naucelia Castillo Bautista; Mochitl\u00e1n, Gerardo Mosso L\u00f3pez; Pungarabato, Cuauht\u00e9moc Mastache Aguario; Tepecoacuilco, F\u00e9lix L\u00f3pez Olivares; Tlacoapa, Amado Basurto G\u00e1lvez; Tixtla, Mois\u00e9s Antonio Gonz\u00e1lez Caba\u00f1as; Tlalixtaquilla, Raquel Garc\u00eda Ordu\u00f1o; Tlapehuala, Jos\u00e9 Luis Ant\u00fanez Goicochea y de Eduardo Neri, Sara Salinas Bravo, as\u00ed como como representantes de los ayuntamientos de Atenango del R\u00edo, Copalillo, Coyuca de Catal\u00e1n, Chilpancingo, Petatl\u00e1n, Taxco, Tecpan, Zitlala y Jos\u00e9 Joaqu\u00edn de Herrera.<\/p>\n","protected":false},"excerpt":{"rendered":"<p>Chilpancingo, Gro., a 31 de agosto 2022.- La y los diputados Beatriz Mojica Morga, Alfredo S\u00e1nchez Esquivel y Fortunato Hern\u00e1ndez Carbajal participaron en la presentaci\u00f3n del programa Abasto Social de Leche, enfocado a lograr que los programas de atenci\u00f3n alimentaria que subsidia el Gobierno Federal lleguen a donde m\u00e1s se necesitan, con el apoyo y&#8230;<\/p>\n","protected":false},"author":1,"featured_media":4530,"comment_status":"closed","ping_status":"open","sticky":false,"template":"","format":"standard","meta":{"_monsterinsights_skip_tracking":false,"_monsterinsights_sitenote_active":false,"_monsterinsights_sitenote_note":"","_monsterinsights_sitenote_category":0,"footnotes":""},"categories":[4,13,3,44],"tags":[],"class_list":["post-4528","post","type-post","status-publish","format-standard","has-post-thumbnail","hentry","category-alfredo-sanchez-esquivel","category-beatriz-mojica-morga","category-boletin","category-fortunato-hernandez-carbajal"],"aioseo_notices":[],"_links":{"self":[{"href":"https:\/\/congresogro.gob.mx\/63\/inicio\/wp-json\/wp\/v2\/posts\/4528","targetHints":{"allow":["GET"]}}],"collection":[{"href":"https:\/\/congresogro.gob.mx\/63\/inicio\/wp-json\/wp\/v2\/posts"}],"about":[{"href":"https:\/\/congresogro.gob.mx\/63\/inicio\/wp-json\/wp\/v2\/types\/post"}],"author":[{"embeddable":true,"href":"https:\/\/congresogro.gob.mx\/63\/inicio\/wp-json\/wp\/v2\/users\/1"}],"replies":[{"embeddable":true,"href":"https:\/\/congresogro.gob.mx\/63\/inicio\/wp-json\/wp\/v2\/comments?post=4528"}],"version-history":[{"count":1,"href":"https:\/\/congresogro.gob.mx\/63\/inicio\/wp-json\/wp\/v2\/posts\/4528\/revisions"}],"predecessor-version":[{"id":4531,"href":"https:\/\/congresogro.gob.mx\/63\/inicio\/wp-json\/wp\/v2\/posts\/4528\/revisions\/4531"}],"wp:featuredmedia":[{"embeddable":true,"href":"https:\/\/congresogro.gob.mx\/63\/inicio\/wp-json\/wp\/v2\/media\/4530"}],"wp:attachment":[{"href":"https:\/\/congresogro.gob.mx\/63\/inicio\/wp-json\/wp\/v2\/media?parent=4528"}],"wp:term":[{"taxonomy":"category","embeddable":true,"href":"https:\/\/congresogro.gob.mx\/63\/inicio\/wp-json\/wp\/v2\/categories?post=4528"},{"taxonomy":"post_tag","embeddable":true,"href":"https:\/\/congresogro.gob.mx\/63\/inicio\/wp-json\/wp\/v2\/tags?post=4528"}],"curies":[{"name":"wp","href":"https:\/\/api.w.org\/{rel}","templated":true}]}}