{"id":4524,"date":"2022-08-31T11:20:26","date_gmt":"2022-08-31T16:20:26","guid":{"rendered":"https:\/\/congresogro.gob.mx\/63\/inicio\/?p=4524"},"modified":"2022-09-02T11:24:04","modified_gmt":"2022-09-02T16:24:04","slug":"participan-diputadas-y-diputados-de-la-lxiii-legislatura-local-en-la-presentacion-de-la-agenda-legislativa-2022-2023-del-poder-ejecutivo","status":"publish","type":"post","link":"https:\/\/congresogro.gob.mx\/63\/inicio\/2022\/08\/31\/participan-diputadas-y-diputados-de-la-lxiii-legislatura-local-en-la-presentacion-de-la-agenda-legislativa-2022-2023-del-poder-ejecutivo\/","title":{"rendered":"PARTICIPAN DIPUTADAS Y DIPUTADOS DE LA LXIII LEGISLATURA LOCAL EN LA PRESENTACI\u00d3N DE LA AGENDA LEGISLATIVA 2022-2023 DEL PODER EJECUTIVO"},"content":{"rendered":"<p style=\"text-align: justify;\"><strong>Chilpancingo, Gro., a 31 de agosto de 2022.- <\/strong>Diputadas y diputados integrantes de la LXIII Legislatura asistieron a la presentaci\u00f3n de la Agenda Legislativa del Poder Ejecutivo para el a\u00f1o 2022, que contempla un paquete de iniciativas para el desarrollo de la entidad y garantizar a las y los guerrerenses mayores niveles de bienestar social.<\/p>\n<p style=\"text-align: justify;\">En su intervenci\u00f3n a nombre del Congreso del Estado, la presidenta de la Mesa Directiva, diputada Flor A\u00f1orve Ocampo, reiter\u00f3 que el Poder Legislativo siempre ser\u00e1 un aliado para coadyuvar en la modernizaci\u00f3n del marco jur\u00eddico, con la caracter\u00edstica de que tenga aplicabilidad en la soluci\u00f3n de los problemas sociales de Guerrero.<\/p>\n<p style=\"text-align: justify;\">Indic\u00f3 que las y los legisladores est\u00e1n conscientes de que les corresponde actualizar y modernizar el marco legal que rige la vida de los guerrerenses, as\u00ed como lo correspondiente a la organizaci\u00f3n y funcionamiento de la administraci\u00f3n p\u00fablica estatal.<\/p>\n<p style=\"text-align: justify;\">Pero para ello, indic\u00f3, es necesaria la participaci\u00f3n conjunta de sociedad y gobierno, tomando en cuenta sus opiniones y sugerencias para el perfeccionamiento de las propuestas legislativas, ya sea de nuevas leyes o de reformas a las existentes, que respondan a las exigencias y problem\u00e1ticas de los nuevos tiempos.<\/p>\n<p style=\"text-align: justify;\">\u201cLa legislaci\u00f3n que rige al estado debe ser adecuada a los tiempos actuales, de acuerdo con las necesidades de las y los guerrerenses y en materia de administraci\u00f3n p\u00fablica. No es de ninguna manera la excepci\u00f3n, ya que es insoslayable la modernizaci\u00f3n administrativa para hacer m\u00e1s eficiente el aparato gubernamental y obtener mejores resultados\u201d, abund\u00f3.<\/p>\n<p style=\"text-align: justify;\">Entre las propuestas que presentar\u00e1 la gobernadora Evelyn Cecia Salgado Pineda al Congreso del Estado, est\u00e1 la modernizaci\u00f3n de la administraci\u00f3n p\u00fablica estatal, a efecto de responder a las exigencias sociales actuales que reclaman un manejo m\u00e1s transparente de los recursos p\u00fablicos por parte de sus representantes y servidores p\u00fablicos.<\/p>\n<p style=\"text-align: justify;\">Asimismo, la incorporaci\u00f3n del tipo penal para los matrimonios forzados y el reconocimiento de la regi\u00f3n Sierra, en busca de garantizar la protecci\u00f3n y cumplimiento de los derechos humanos de la ciudadan\u00eda guerrerense, pero sobre todo de las ni\u00f1as, ni\u00f1os y adolescentes.<\/p>\n<p style=\"text-align: justify;\">Flor A\u00f1orve se\u00f1al\u00f3 que en Guerrero registra un importante avance en la actualizaci\u00f3n del marco jur\u00eddico, aunque falta mucho por hacer. \u201cEs necesario el impulso y trabajo coordinado para la consolidaci\u00f3n de una agenda legislativa tendente a la actualizaci\u00f3n de nuestro marco jur\u00eddico, ajustado a las exigencias de los nuevos tiempos\u201d, remarc\u00f3.<\/p>\n<p style=\"text-align: justify;\">Al acto asistieron las diputadas y diputados Alfredo S\u00e1nchez Esquivel, presidente de la Junta de Coordinaci\u00f3n Pol\u00edtica; Leticia Castro Ortiz, Jessica Ivette Alejo Rayo, Joaqu\u00edn Badillo Escamilla, Gloria Citlalli Calixto Jim\u00e9nez, Carlos Cruz L\u00f3pez, Estrella de la Paz Bernal, Yoloczin Dom\u00ednguez Serna, Mar\u00eda Flores Maldonado, Jacinto Gonz\u00e1lez Varona, Antonio Helguera Jim\u00e9nez, Fortunato Hern\u00e1ndez Carbajal, Masedonio Mendoza Basurto, Beatriz Mojica Morga, Osbaldo R\u00edos Manrique, Marco Tulio S\u00e1nchez Alarc\u00f3n, Claudia Sierra P\u00e9rez y Andr\u00e9s Guevara C\u00e1rdenas.<\/p>\n<p style=\"text-align: justify;\">Tambi\u00e9n H\u00e9ctor Apreza Patr\u00f3n, Gabriela Bernal Res\u00e9ndiz, Julieta Fern\u00e1ndez M\u00e1rquez, Rafael Navarrete Quezada, Alicia Elizabeth Zamora Villalb, Yanelly Hern\u00e1ndez Mart\u00ednez, Ociel Hugar Garc\u00eda Trujillo, Susana Paola Ju\u00e1rez G\u00f3mez, Bernardo Ortega Jim\u00e9nez e Hilda Jennifer Ponce Mendoza.<\/p>\n","protected":false},"excerpt":{"rendered":"<p>Chilpancingo, Gro., a 31 de agosto de 2022.- Diputadas y diputados integrantes de la LXIII Legislatura asistieron a la presentaci\u00f3n de la Agenda Legislativa del Poder Ejecutivo para el a\u00f1o 2022, que contempla un paquete de iniciativas para el desarrollo de la entidad y garantizar a las y los guerrerenses mayores niveles de bienestar social&#8230;.<\/p>\n","protected":false},"author":1,"featured_media":4526,"comment_status":"closed","ping_status":"open","sticky":false,"template":"","format":"standard","meta":{"_monsterinsights_skip_tracking":false,"_monsterinsights_sitenote_active":false,"_monsterinsights_sitenote_note":"","_monsterinsights_sitenote_category":0,"footnotes":""},"categories":[3],"tags":[],"class_list":["post-4524","post","type-post","status-publish","format-standard","has-post-thumbnail","hentry","category-boletin"],"aioseo_notices":[],"_links":{"self":[{"href":"https:\/\/congresogro.gob.mx\/63\/inicio\/wp-json\/wp\/v2\/posts\/4524","targetHints":{"allow":["GET"]}}],"collection":[{"href":"https:\/\/congresogro.gob.mx\/63\/inicio\/wp-json\/wp\/v2\/posts"}],"about":[{"href":"https:\/\/congresogro.gob.mx\/63\/inicio\/wp-json\/wp\/v2\/types\/post"}],"author":[{"embeddable":true,"href":"https:\/\/congresogro.gob.mx\/63\/inicio\/wp-json\/wp\/v2\/users\/1"}],"replies":[{"embeddable":true,"href":"https:\/\/congresogro.gob.mx\/63\/inicio\/wp-json\/wp\/v2\/comments?post=4524"}],"version-history":[{"count":1,"href":"https:\/\/congresogro.gob.mx\/63\/inicio\/wp-json\/wp\/v2\/posts\/4524\/revisions"}],"predecessor-version":[{"id":4527,"href":"https:\/\/congresogro.gob.mx\/63\/inicio\/wp-json\/wp\/v2\/posts\/4524\/revisions\/4527"}],"wp:featuredmedia":[{"embeddable":true,"href":"https:\/\/congresogro.gob.mx\/63\/inicio\/wp-json\/wp\/v2\/media\/4526"}],"wp:attachment":[{"href":"https:\/\/congresogro.gob.mx\/63\/inicio\/wp-json\/wp\/v2\/media?parent=4524"}],"wp:term":[{"taxonomy":"category","embeddable":true,"href":"https:\/\/congresogro.gob.mx\/63\/inicio\/wp-json\/wp\/v2\/categories?post=4524"},{"taxonomy":"post_tag","embeddable":true,"href":"https:\/\/congresogro.gob.mx\/63\/inicio\/wp-json\/wp\/v2\/tags?post=4524"}],"curies":[{"name":"wp","href":"https:\/\/api.w.org\/{rel}","templated":true}]}}