{"id":4520,"date":"2022-08-31T11:18:39","date_gmt":"2022-08-31T16:18:39","guid":{"rendered":"https:\/\/congresogro.gob.mx\/63\/inicio\/?p=4520"},"modified":"2022-09-02T11:20:15","modified_gmt":"2022-09-02T16:20:15","slug":"es-urgente-mejorar-el-marco-juridico-en-favor-de-los-pueblos-afrodescendientes-diputada-marben-de-la-cruz","status":"publish","type":"post","link":"https:\/\/congresogro.gob.mx\/63\/inicio\/2022\/08\/31\/es-urgente-mejorar-el-marco-juridico-en-favor-de-los-pueblos-afrodescendientes-diputada-marben-de-la-cruz\/","title":{"rendered":"ES URGENTE MEJORAR EL MARCO JUR\u00cdDICO EN FAVOR DE LOS PUEBLOS AFRODESCENDIENTES: DIPUTADA MARBEN DE LA CRUZ"},"content":{"rendered":"<p style=\"text-align: justify;\"><strong>Chilpancingo, Gro., a 31 de agosto 2022<\/strong>.- La diputada Marben de la Cruz Santiago, presidenta de la Comisi\u00f3n de Asuntos Ind\u00edgenas y Afromexicanos del Congreso del Estado, extern\u00f3 la importancia de legislar para garantizar el desarrollo integral de las y los afrodescendientes de la entidad, as\u00ed como establecer un trabajo coordinado entre los poderes Ejecutivo y Legislativo, acad\u00e9micos e investigadores para la elaboraci\u00f3n de pol\u00edticas p\u00fablicas que rescaten la historia, derechos y patrimonio cultural de estos pueblos.<\/p>\n<p style=\"text-align: justify;\">Lo anterior en el marco de la Mesa \u201cDerechos de las Comunidades Afromexicanas. Avances y Retos Legislativos\u201d organizada por la Secretar\u00eda de Cultura federal y el INAH Guerrero, con motivo del D\u00eda Internacional de las y los Afrodescendientes.<\/p>\n<p style=\"text-align: justify;\">La diputada refiri\u00f3 que el estado de Guerrero posee una gran riqueza cultural y multi\u00e9tnica en la mayor parte de la Costa Chica, Costa Grande, regiones Centro, Norte y Monta\u00f1a, ante lo cual resulta primordial seguir avanzando en la armonizaci\u00f3n del marco jur\u00eddico con el nacional y lo que estipulan los tratados internacionales.<\/p>\n<p style=\"text-align: justify;\">Resalt\u00f3 que entre los avances obtenidos en materia legislativa por el Congreso del Estado, est\u00e1 la construcci\u00f3n de una Ley de Consulta para los pueblos ind\u00edgenas y comunidades afromexicanas; acciones para evitar el racismo y la discriminaci\u00f3n institucional, adem\u00e1s de que se han atendido distintas recomendaciones de la Suprema Corte de Justicia de la Naci\u00f3n relacionadas para consultar a los pueblos originarios en materia de seguridad, electoral y educativa, as\u00ed como a las personas con discapacidad.<\/p>\n<p style=\"text-align: justify;\">Agreg\u00f3 que pese a los avances obtenidos, se debe reconocer que falta mucho por hacer para motivar a estos sectores de la poblaci\u00f3n a que participen en los procesos de consulta y lograr que los gobiernos e instituciones trabajen en la atenci\u00f3n de sus demandas, y que esto coadyuve a fortalecer la identidad afromexicana.<\/p>\n<p style=\"text-align: justify;\">Recalc\u00f3 que tanto legisladores como funcionarios p\u00fablicos, organizaciones y sociedad en general tienen la importante tarea de promover y difundir la Ley General de Protecci\u00f3n del Patrimonio Cultural de los Pueblos Ind\u00edgenas y Afromexicanos que entr\u00f3 en vigor en enero de este a\u00f1o, con el prop\u00f3sito de reconocer y garantizar la protecci\u00f3n y salvaguarda del patrimonio cultural que representan.<\/p>\n<p style=\"text-align: justify;\">Por \u00faltimo, hizo un exhorto a los poderes Ejecutivo y Legislativo, as\u00ed como a acad\u00e9micos, investigadores y sociedad en general para elaborar una agenda de trabajo con los pueblos afromexicanos que derive en un marco legislativo diferenciado para garantizar un desarrollo sostenible y sustentable, que erradique la pobreza, la marginaci\u00f3n, el racismo institucional y la violencia sist\u00e9mica en los distintos \u00e1mbitos sociales.<\/p>\n<p style=\"text-align: justify;\">Adem\u00e1s de autoridades del \u00e1mbito cultural, el evento cont\u00f3 con la participaci\u00f3n de representantes de comunidades afromexicanas de las distintas regiones de Guerrero, y se realizaron talleres educativos, poes\u00eda y danza, as\u00ed como una exposici\u00f3n de arte alusiva a esta cultura ancestral.<\/p>\n","protected":false},"excerpt":{"rendered":"<p>Chilpancingo, Gro., a 31 de agosto 2022.- La diputada Marben de la Cruz Santiago, presidenta de la Comisi\u00f3n de Asuntos Ind\u00edgenas y Afromexicanos del Congreso del Estado, extern\u00f3 la importancia de legislar para garantizar el desarrollo integral de las y los afrodescendientes de la entidad, as\u00ed como establecer un trabajo coordinado entre los poderes Ejecutivo&#8230;<\/p>\n","protected":false},"author":1,"featured_media":4522,"comment_status":"closed","ping_status":"open","sticky":false,"template":"","format":"standard","meta":{"_monsterinsights_skip_tracking":false,"_monsterinsights_sitenote_active":false,"_monsterinsights_sitenote_note":"","_monsterinsights_sitenote_category":0,"footnotes":""},"categories":[3,12],"tags":[],"class_list":["post-4520","post","type-post","status-publish","format-standard","has-post-thumbnail","hentry","category-boletin","category-marben-de-la-cruz-santiago"],"aioseo_notices":[],"_links":{"self":[{"href":"https:\/\/congresogro.gob.mx\/63\/inicio\/wp-json\/wp\/v2\/posts\/4520","targetHints":{"allow":["GET"]}}],"collection":[{"href":"https:\/\/congresogro.gob.mx\/63\/inicio\/wp-json\/wp\/v2\/posts"}],"about":[{"href":"https:\/\/congresogro.gob.mx\/63\/inicio\/wp-json\/wp\/v2\/types\/post"}],"author":[{"embeddable":true,"href":"https:\/\/congresogro.gob.mx\/63\/inicio\/wp-json\/wp\/v2\/users\/1"}],"replies":[{"embeddable":true,"href":"https:\/\/congresogro.gob.mx\/63\/inicio\/wp-json\/wp\/v2\/comments?post=4520"}],"version-history":[{"count":1,"href":"https:\/\/congresogro.gob.mx\/63\/inicio\/wp-json\/wp\/v2\/posts\/4520\/revisions"}],"predecessor-version":[{"id":4523,"href":"https:\/\/congresogro.gob.mx\/63\/inicio\/wp-json\/wp\/v2\/posts\/4520\/revisions\/4523"}],"wp:featuredmedia":[{"embeddable":true,"href":"https:\/\/congresogro.gob.mx\/63\/inicio\/wp-json\/wp\/v2\/media\/4522"}],"wp:attachment":[{"href":"https:\/\/congresogro.gob.mx\/63\/inicio\/wp-json\/wp\/v2\/media?parent=4520"}],"wp:term":[{"taxonomy":"category","embeddable":true,"href":"https:\/\/congresogro.gob.mx\/63\/inicio\/wp-json\/wp\/v2\/categories?post=4520"},{"taxonomy":"post_tag","embeddable":true,"href":"https:\/\/congresogro.gob.mx\/63\/inicio\/wp-json\/wp\/v2\/tags?post=4520"}],"curies":[{"name":"wp","href":"https:\/\/api.w.org\/{rel}","templated":true}]}}