{"id":4516,"date":"2022-08-30T11:16:44","date_gmt":"2022-08-30T16:16:44","guid":{"rendered":"https:\/\/congresogro.gob.mx\/63\/inicio\/?p=4516"},"modified":"2022-09-02T11:18:00","modified_gmt":"2022-09-02T16:18:00","slug":"presentan-diputados-a-miembros-de-cruz-roja-el-anteproyecto-de-ley-de-personas-desaparecidas-del-estado-de-guerrero","status":"publish","type":"post","link":"https:\/\/congresogro.gob.mx\/63\/inicio\/2022\/08\/30\/presentan-diputados-a-miembros-de-cruz-roja-el-anteproyecto-de-ley-de-personas-desaparecidas-del-estado-de-guerrero\/","title":{"rendered":"PRESENTAN DIPUTADOS A MIEMBROS DE CRUZ ROJA EL ANTEPROYECTO DE LEY DE PERSONAS DESAPARECIDAS DEL ESTADO DE GUERRERO"},"content":{"rendered":"<p style=\"text-align: justify;\"><strong>Chilpancingo, Gro., a 30 de agosto de 2022.-<\/strong> En el Marco del D\u00eda Internacional de las V\u00edctimas de Desapariciones Forzadas, diputadas y diputados del Grupo Parlamentario de Morena se reunieron este martes con integrantes de la Cruz Roja Internacional, a quienes presentaron el Anteproyecto de Ley en Materia de Personas Desaparecidas del Estado de Guerrero.<\/p>\n<p style=\"text-align: justify;\">En su intervenci\u00f3n, el diputado Alfredo S\u00e1nchez Esquivel, coordinador de la bancada, record\u00f3 que hace varios meses fueron invitados a una reuni\u00f3n celebrada en Chilpancingo junto a diferentes colectivos de personas desaparecidas en el estado.<\/p>\n<p style=\"text-align: justify;\">Desde ese momento, indic\u00f3, el Poder Legislativo tom\u00f3 la decisi\u00f3n de acompa\u00f1ar a dichas organizaciones y trabajar en la construcci\u00f3n de una ley en la materia.<\/p>\n<p style=\"text-align: justify;\">Refiri\u00f3 que, atendiendo las demandas justas y necesarias que han hecho los colectivos de familiares, se ha hecho el esfuerzo de crear un Anteproyecto de Ley que responda a sus planteamientos hechos en las mesas de trabajo, destacando siempre el contexto de Guerrero.<\/p>\n<p style=\"text-align: justify;\">\u201cTenemos toda la voluntad pol\u00edtica de enriquecerlo con sus aportaciones y corregirlo de ser necesario, porque sabemos y reconocemos sus esfuerzos puestos en los procesos de b\u00fasqueda de personas desaparecidas\u201d, apunt\u00f3.<\/p>\n<p style=\"text-align: justify;\">En su oportunidad, la diputada Nora Yanek Vel\u00e1zquez Mart\u00ednez extern\u00f3 que este proyecto de ley se presenta en un d\u00eda trascendental en que se conmemora el D\u00eda Internacional de las V\u00edctimas de Desaparici\u00f3n Forzada, anticipando su voluntad y respaldo para trabajar en un ordenamiento jur\u00eddico tal y como lo han solicitado los diferentes sectores de la sociedad que han sufrido este lamentable delito.<\/p>\n<p style=\"text-align: justify;\">Enfatiz\u00f3 que Guerrero es un estado lastimado en sus derechos humanos y por la impunidad, opacidad y negligencia oficiales, lo que ha resultado en el aumento de la delincuencia y la criminalidad. Por ello destac\u00f3 la importancia de esta iniciativa.<\/p>\n<p style=\"text-align: justify;\">El anteproyecto de Ley busca ser una herramienta legal que complemente los instrumentos nacionales para la b\u00fasqueda de personas a nivel local, establecer las competencias y las formas de coordinaci\u00f3n entre el estado y sus municipios y distribuir las responsabilidades para la b\u00fasqueda de las personas desaparecidas, as\u00ed como la coordinaci\u00f3n entre los diversos poderes, \u00f3rganos y organismos del Estado.<\/p>\n<p style=\"text-align: justify;\">El objetivo es garantizar la participaci\u00f3n de familiares en el dise\u00f1o, implementaci\u00f3n, monitoreo y evaluaci\u00f3n de las acciones de b\u00fasqueda, investigaci\u00f3n e identificaci\u00f3n de personas desaparecidas, conforme a los lineamientos emitidos por el Sistema Nacional de B\u00fasqueda.<\/p>\n<p style=\"text-align: justify;\">Tambi\u00e9n se crear\u00e1 un Sistema Estatal que ser\u00e1 el encargado de coordinar los esfuerzos de vinculaci\u00f3n, operaci\u00f3n, gesti\u00f3n, evaluaci\u00f3n y seguimiento de las acciones entre las autoridades federales, estatales y municipales, para dar cumplimiento a las determinaciones del Sistema Nacional y de la Comisi\u00f3n Nacional, as\u00ed como a lo establecido en la Ley General.<\/p>\n<p style=\"text-align: justify;\">Asimismo, se busca establecer la forma de coordinaci\u00f3n en la b\u00fasqueda a nivel local, nacional e internacional, tomando en cuenta la solicitud de los colectivos de familias de personas desaparecidas respecto a la suficiencia de recursos p\u00fablicos para la Comisi\u00f3n Estatal de B\u00fasqueda, mediante el Fondo Estatal de Desaparici\u00f3n.<\/p>\n<p style=\"text-align: justify;\">En los articulados de esta Ley tambi\u00e9n se contemplan las atribuciones de la Fiscal\u00eda Especializada, los registros, la disposici\u00f3n de cad\u00e1veres de personas, los derechos de las v\u00edctimas, las medidas de ayuda, asistencia y atenci\u00f3n; las medidas de reparaci\u00f3n integral, la protecci\u00f3n de personas, la prevenci\u00f3n del delito, la programaci\u00f3n y la capacitaci\u00f3n.<\/p>\n<p style=\"text-align: justify;\">En la reuni\u00f3n estuvieron presentes tambi\u00e9n las y los diputados Leticia Castro Ortiz, Claudia Sierra P\u00e9rez, Carlos Cruz L\u00f3pez, Osbaldo R\u00edos Manrique, Fortunato Hern\u00e1ndez Carbajal, Jacinto Gonz\u00e1lez Varona y Joaqu\u00edn Badillo Escamilla, y de manera virtual\u00a0 Masedonio Mendoza Basurto y Marco Tulio S\u00e1nchez Alarc\u00f3n.<\/p>\n","protected":false},"excerpt":{"rendered":"<p>Chilpancingo, Gro., a 30 de agosto de 2022.- En el Marco del D\u00eda Internacional de las V\u00edctimas de Desapariciones Forzadas, diputadas y diputados del Grupo Parlamentario de Morena se reunieron este martes con integrantes de la Cruz Roja Internacional, a quienes presentaron el Anteproyecto de Ley en Materia de Personas Desaparecidas del Estado de Guerrero&#8230;.<\/p>\n","protected":false},"author":1,"featured_media":4518,"comment_status":"closed","ping_status":"open","sticky":false,"template":"","format":"standard","meta":{"_monsterinsights_skip_tracking":false,"_monsterinsights_sitenote_active":false,"_monsterinsights_sitenote_note":"","_monsterinsights_sitenote_category":0,"footnotes":""},"categories":[3],"tags":[],"class_list":["post-4516","post","type-post","status-publish","format-standard","has-post-thumbnail","hentry","category-boletin"],"aioseo_notices":[],"_links":{"self":[{"href":"https:\/\/congresogro.gob.mx\/63\/inicio\/wp-json\/wp\/v2\/posts\/4516","targetHints":{"allow":["GET"]}}],"collection":[{"href":"https:\/\/congresogro.gob.mx\/63\/inicio\/wp-json\/wp\/v2\/posts"}],"about":[{"href":"https:\/\/congresogro.gob.mx\/63\/inicio\/wp-json\/wp\/v2\/types\/post"}],"author":[{"embeddable":true,"href":"https:\/\/congresogro.gob.mx\/63\/inicio\/wp-json\/wp\/v2\/users\/1"}],"replies":[{"embeddable":true,"href":"https:\/\/congresogro.gob.mx\/63\/inicio\/wp-json\/wp\/v2\/comments?post=4516"}],"version-history":[{"count":1,"href":"https:\/\/congresogro.gob.mx\/63\/inicio\/wp-json\/wp\/v2\/posts\/4516\/revisions"}],"predecessor-version":[{"id":4519,"href":"https:\/\/congresogro.gob.mx\/63\/inicio\/wp-json\/wp\/v2\/posts\/4516\/revisions\/4519"}],"wp:featuredmedia":[{"embeddable":true,"href":"https:\/\/congresogro.gob.mx\/63\/inicio\/wp-json\/wp\/v2\/media\/4518"}],"wp:attachment":[{"href":"https:\/\/congresogro.gob.mx\/63\/inicio\/wp-json\/wp\/v2\/media?parent=4516"}],"wp:term":[{"taxonomy":"category","embeddable":true,"href":"https:\/\/congresogro.gob.mx\/63\/inicio\/wp-json\/wp\/v2\/categories?post=4516"},{"taxonomy":"post_tag","embeddable":true,"href":"https:\/\/congresogro.gob.mx\/63\/inicio\/wp-json\/wp\/v2\/tags?post=4516"}],"curies":[{"name":"wp","href":"https:\/\/api.w.org\/{rel}","templated":true}]}}