{"id":4457,"date":"2022-08-24T10:45:17","date_gmt":"2022-08-24T15:45:17","guid":{"rendered":"https:\/\/congresogro.gob.mx\/63\/inicio\/?p=4457"},"modified":"2022-08-25T10:50:09","modified_gmt":"2022-08-25T15:50:09","slug":"imparten-conferencia-en-el-iepen-del-congreso-sobre-finanzas-publicas-estatales-y-deuda-subnacional","status":"publish","type":"post","link":"https:\/\/congresogro.gob.mx\/63\/inicio\/2022\/08\/24\/imparten-conferencia-en-el-iepen-del-congreso-sobre-finanzas-publicas-estatales-y-deuda-subnacional\/","title":{"rendered":"IMPARTEN CONFERENCIA EN EL IEPEN DEL CONGRESO  SOBRE FINANZAS P\u00daBLICAS ESTATALES Y DEUDA SUBNACIONAL"},"content":{"rendered":"<p style=\"text-align: justify;\"><strong>Chilpancingo, Gro., a 24 de agosto 2022<\/strong>.- El Congreso del Estado, a trav\u00e9s del Instituto de Estudios Parlamentarios \u201cEduardo Neri\u201d, desarroll\u00f3 este mi\u00e9rcoles la conferencia \u201cFinanzas P\u00fablicas Estatales y Deuda Subnacional\u201d, impartida por el Dr. Luis Manuel P\u00e9rez de Acha, con el prop\u00f3sito de ampliar conocimientos sobre el manejo de los ingresos y gasto p\u00fablico, los mecanismos de operaci\u00f3n, control, fiscalizaci\u00f3n profesional, imparcial y transparente de las finanzas p\u00fablicas en el estado.<\/p>\n<p style=\"text-align: justify;\">Al dar la bienvenida a los asistentes, el diputado Antonio Helguera Jim\u00e9nez, presidente del Comit\u00e9 del Instituto, puntualiz\u00f3 que esta actividad es de gran importancia para lograr el progreso de la sociedad, en especial para quienes tienen alguna responsabilidad p\u00fablica en la planeaci\u00f3n de los ingresos que percibir\u00e1 el Gobierno del Estado y los municipios; del Presupuesto de Egresos y su ejecuci\u00f3n; de su aprobaci\u00f3n y fiscalizaci\u00f3n, como es el caso del Poder Legislativo de Guerrero.<\/p>\n<p style=\"text-align: justify;\">Agreg\u00f3 que para el Congreso este tipo de conferencias son necesarias y oportunas, ya que en breve la LXIII Legislatura iniciar\u00e1 su Segundo A\u00f1o de Ejercicio Constitucional, durante el cual recibir\u00e1n el Primer Informe de Gobierno de la gobernadora Evelyn Salgado Pineda, para su revisi\u00f3n y glosa.<\/p>\n<p style=\"text-align: justify;\">Indic\u00f3 que tambi\u00e9n les tocar\u00e1 la revisi\u00f3n de la cuenta p\u00fablica, la recepci\u00f3n para revisi\u00f3n, discusi\u00f3n y aprobaci\u00f3n del Paquete Fiscal 2023, el proyecto de Ley de Ingresos y de Presupuesto de Egresos de Guerrero para el Ejercicio Fiscal 2023, actividades para las cuales se requiere un mejor conocimiento t\u00e9cnico que mejore el desempe\u00f1o del quehacer legislativo.<\/p>\n<p style=\"text-align: justify;\">En el acto de clausura, el presidente de la Comisi\u00f3n de Educaci\u00f3n, Ciencia y Tecnolog\u00eda, diputado Masedonio Mendoza Basurto, hizo entrega de un reconocimiento al ponente, a quien extern\u00f3 su felicitaci\u00f3n por impartir esta ponencia que ayudar\u00e1 a mejorar y entender las finanzas p\u00fablicas.<\/p>\n<p style=\"text-align: justify;\">Participaron tambi\u00e9n el Lic. Eusebio P\u00e9rez Almontes, contralor interno del Congreso; Dr. Jos\u00e9 Luis Navarro Jaimes, director encargado del IEPEN; el contador p\u00fablico Raymundo Segura Estrada, secretario de Administraci\u00f3n y Finanzas del Gobierno del Estado, as\u00ed como funcionarios de la Secretar\u00eda de Contralor\u00eda y Transparencia Gubernamental estatal, funcionarios municipales y de la Auditor\u00eda Superior del Estado, entre otros.<\/p>\n<p style=\"text-align: justify;\">Cabe mencionar que en los pr\u00f3ximos meses se desarrollar\u00e1n las conferencias \u201cDilemas de Seguridad P\u00fablica, Procuraci\u00f3n e Impartici\u00f3n de Justicia. Una Visi\u00f3n desde los Estados\u201d, \u201cLegislar para una Buena Administraci\u00f3n y un Buen Gobierno\u201d, y \u201c\u00bfGobiernos Libres y Soberanos? El Federalismo en M\u00e9xico. El Estado y la Cuesti\u00f3n\u201d.<\/p>\n","protected":false},"excerpt":{"rendered":"<p>Chilpancingo, Gro., a 24 de agosto 2022.- El Congreso del Estado, a trav\u00e9s del Instituto de Estudios Parlamentarios \u201cEduardo Neri\u201d, desarroll\u00f3 este mi\u00e9rcoles la conferencia \u201cFinanzas P\u00fablicas Estatales y Deuda Subnacional\u201d, impartida por el Dr. Luis Manuel P\u00e9rez de Acha, con el prop\u00f3sito de ampliar conocimientos sobre el manejo de los ingresos y gasto p\u00fablico,&#8230;<\/p>\n","protected":false},"author":1,"featured_media":4461,"comment_status":"closed","ping_status":"open","sticky":false,"template":"","format":"standard","meta":{"_monsterinsights_skip_tracking":false,"_monsterinsights_sitenote_active":false,"_monsterinsights_sitenote_note":"","_monsterinsights_sitenote_category":0,"footnotes":""},"categories":[3,57],"tags":[],"class_list":["post-4457","post","type-post","status-publish","format-standard","has-post-thumbnail","hentry","category-boletin","category-iepen"],"aioseo_notices":[],"_links":{"self":[{"href":"https:\/\/congresogro.gob.mx\/63\/inicio\/wp-json\/wp\/v2\/posts\/4457","targetHints":{"allow":["GET"]}}],"collection":[{"href":"https:\/\/congresogro.gob.mx\/63\/inicio\/wp-json\/wp\/v2\/posts"}],"about":[{"href":"https:\/\/congresogro.gob.mx\/63\/inicio\/wp-json\/wp\/v2\/types\/post"}],"author":[{"embeddable":true,"href":"https:\/\/congresogro.gob.mx\/63\/inicio\/wp-json\/wp\/v2\/users\/1"}],"replies":[{"embeddable":true,"href":"https:\/\/congresogro.gob.mx\/63\/inicio\/wp-json\/wp\/v2\/comments?post=4457"}],"version-history":[{"count":1,"href":"https:\/\/congresogro.gob.mx\/63\/inicio\/wp-json\/wp\/v2\/posts\/4457\/revisions"}],"predecessor-version":[{"id":4460,"href":"https:\/\/congresogro.gob.mx\/63\/inicio\/wp-json\/wp\/v2\/posts\/4457\/revisions\/4460"}],"wp:featuredmedia":[{"embeddable":true,"href":"https:\/\/congresogro.gob.mx\/63\/inicio\/wp-json\/wp\/v2\/media\/4461"}],"wp:attachment":[{"href":"https:\/\/congresogro.gob.mx\/63\/inicio\/wp-json\/wp\/v2\/media?parent=4457"}],"wp:term":[{"taxonomy":"category","embeddable":true,"href":"https:\/\/congresogro.gob.mx\/63\/inicio\/wp-json\/wp\/v2\/categories?post=4457"},{"taxonomy":"post_tag","embeddable":true,"href":"https:\/\/congresogro.gob.mx\/63\/inicio\/wp-json\/wp\/v2\/tags?post=4457"}],"curies":[{"name":"wp","href":"https:\/\/api.w.org\/{rel}","templated":true}]}}