{"id":4419,"date":"2022-08-17T10:15:41","date_gmt":"2022-08-17T15:15:41","guid":{"rendered":"https:\/\/congresogro.gob.mx\/63\/inicio\/?p=4419"},"modified":"2022-08-18T10:17:42","modified_gmt":"2022-08-18T15:17:42","slug":"presentan-iniciativa-en-el-congreso-del-estado-para-tipificar-como-delito-la-violencia-vicaria","status":"publish","type":"post","link":"https:\/\/congresogro.gob.mx\/63\/inicio\/2022\/08\/17\/presentan-iniciativa-en-el-congreso-del-estado-para-tipificar-como-delito-la-violencia-vicaria\/","title":{"rendered":"PRESENTAN INICIATIVA EN EL CONGRESO DEL ESTADO  PARA TIPIFICAR COMO DELITO LA \u201cVIOLENCIA VICARIA\u201d"},"content":{"rendered":"<p style=\"text-align: justify;\"><strong>Chilpancingo, Gro., a 17 de agosto de 2022.- <\/strong>Para incluir y tipificar como delito la \u201cviolencia vicaria\u201d, por considerarse un tipo de agresi\u00f3n en contra de las mujeres, utilizando como medio a los hijos o hijas, adultos mayores, personas en situaci\u00f3n de dependencia, con un v\u00ednculo afectivo o un ser sintiente, la diputada Gabriela Bernal Res\u00e9ndiz propuso reformar las Leyes de Acceso de las Mujeres a una Vida Libre de Violencia y de Asistencia y Prevenci\u00f3n de la Violencia Intrafamiliar, as\u00ed como los C\u00f3digos Penal y Civil del Estado de Guerrero.<\/p>\n<p style=\"text-align: justify;\">En la iniciativa que se turn\u00f3 a las Comisiones Unidas de Justicia y Para la Igualdad de G\u00e9nero, para su an\u00e1lisis y dictaminaci\u00f3n correspondientes, la legisladora plantea castigar este delito con cuatro y hasta ocho a\u00f1os de prisi\u00f3n.<\/p>\n<p style=\"text-align: justify;\">En tribuna durante la sesi\u00f3n de la Comisi\u00f3n Permanente, este mi\u00e9rcoles, la diputada integrante del Grupo Parlamentario del PRI expuso que la \u201cviolencia vicaria\u201d es una especie de violencia contra la mujer que se ha venido desarrollando en a\u00f1os recientes, y es aquella que se ejerce sobre los hijos para herir principalmente a la madre, y donde el maltratador sabe que al hacer esto se asegura de que la mujer no se recupere jam\u00e1s, causando un da\u00f1o extremo.<\/p>\n<p style=\"text-align: justify;\">Refiri\u00f3 que no existen cifras oficiales para medir la magnitud del problema porque no est\u00e1 reconocida como un tipo de violencia; sin embargo, indic\u00f3 que se cuenta con informaci\u00f3n recabada por la sociedad civil sobre la existencia de algunos casos, lo que conlleva a hacer propuestas para que se reconozca en el sistema jur\u00eddico y se sancione a quienes la cometen.<\/p>\n<p style=\"text-align: justify;\">Bernal Res\u00e9ndiz asegur\u00f3 que la \u201cviolencia vicaria\u201d produce consecuencias en la salud, seguridad y, en los peores casos, en la vida de la infancia, por lo cual \u201cse deben tomar acciones firmes que protejan y garanticen los derechos tanto de las mujeres como de los menores, como ya se hace en entidades como Hidalgo, Estado de M\u00e9xico y Ciudad de M\u00e9xico\u201d.<\/p>\n<p style=\"text-align: justify;\">\n<p style=\"text-align: justify;\"><strong>Intervenci\u00f3n <\/strong><\/p>\n<p style=\"text-align: justify;\">El diputado Rafael Navarrete Quezada intervino con el tema \u201cEl transporte pesado en Acapulco\u201d, haciendo referencia del accidente de una pipa de combustible registrado el pasado 15 de agosto sobre la avenida Esc\u00e9nica de Acapulco, con saldo de una persona fallecida, tres heridos y cuantiosos da\u00f1os materiales y ambientales.<\/p>\n<p style=\"text-align: justify;\">Al respecto, hizo un llamado a las autoridades competentes para que asuman su responsabilidad y atiendan el Reglamento de Tr\u00e1nsito y Vialidad que establece restricciones y horarios para el tr\u00e1nsito de veh\u00edculos de carga pesada, a efecto de salvaguardar la seguridad e integridad de las personas.<\/p>\n<p style=\"text-align: justify;\">Tambi\u00e9n pidi\u00f3 que se investigue y sancione a quien resulte responsable del fatal percance, y solicit\u00f3 que se atienda la planta de Pemex de Acapulco que se ubica en una zona de alta densidad poblacional.<\/p>\n","protected":false},"excerpt":{"rendered":"<p>Chilpancingo, Gro., a 17 de agosto de 2022.- Para incluir y tipificar como delito la \u201cviolencia vicaria\u201d, por considerarse un tipo de agresi\u00f3n en contra de las mujeres, utilizando como medio a los hijos o hijas, adultos mayores, personas en situaci\u00f3n de dependencia, con un v\u00ednculo afectivo o un ser sintiente, la diputada Gabriela Bernal&#8230;<\/p>\n","protected":false},"author":1,"featured_media":4421,"comment_status":"closed","ping_status":"open","sticky":false,"template":"","format":"standard","meta":{"_monsterinsights_skip_tracking":false,"_monsterinsights_sitenote_active":false,"_monsterinsights_sitenote_note":"","_monsterinsights_sitenote_category":0,"footnotes":""},"categories":[3,42],"tags":[],"class_list":["post-4419","post","type-post","status-publish","format-standard","has-post-thumbnail","hentry","category-boletin","category-gabriela-bernal-resendiz"],"aioseo_notices":[],"_links":{"self":[{"href":"https:\/\/congresogro.gob.mx\/63\/inicio\/wp-json\/wp\/v2\/posts\/4419","targetHints":{"allow":["GET"]}}],"collection":[{"href":"https:\/\/congresogro.gob.mx\/63\/inicio\/wp-json\/wp\/v2\/posts"}],"about":[{"href":"https:\/\/congresogro.gob.mx\/63\/inicio\/wp-json\/wp\/v2\/types\/post"}],"author":[{"embeddable":true,"href":"https:\/\/congresogro.gob.mx\/63\/inicio\/wp-json\/wp\/v2\/users\/1"}],"replies":[{"embeddable":true,"href":"https:\/\/congresogro.gob.mx\/63\/inicio\/wp-json\/wp\/v2\/comments?post=4419"}],"version-history":[{"count":1,"href":"https:\/\/congresogro.gob.mx\/63\/inicio\/wp-json\/wp\/v2\/posts\/4419\/revisions"}],"predecessor-version":[{"id":4422,"href":"https:\/\/congresogro.gob.mx\/63\/inicio\/wp-json\/wp\/v2\/posts\/4419\/revisions\/4422"}],"wp:featuredmedia":[{"embeddable":true,"href":"https:\/\/congresogro.gob.mx\/63\/inicio\/wp-json\/wp\/v2\/media\/4421"}],"wp:attachment":[{"href":"https:\/\/congresogro.gob.mx\/63\/inicio\/wp-json\/wp\/v2\/media?parent=4419"}],"wp:term":[{"taxonomy":"category","embeddable":true,"href":"https:\/\/congresogro.gob.mx\/63\/inicio\/wp-json\/wp\/v2\/categories?post=4419"},{"taxonomy":"post_tag","embeddable":true,"href":"https:\/\/congresogro.gob.mx\/63\/inicio\/wp-json\/wp\/v2\/tags?post=4419"}],"curies":[{"name":"wp","href":"https:\/\/api.w.org\/{rel}","templated":true}]}}