{"id":4415,"date":"2022-08-16T10:15:07","date_gmt":"2022-08-16T15:15:07","guid":{"rendered":"https:\/\/congresogro.gob.mx\/63\/inicio\/?p=4415"},"modified":"2022-08-18T10:15:31","modified_gmt":"2022-08-18T15:15:31","slug":"anuncian-en-foro-con-mujeres-una-iniciativa-para-visibilizar-la-violencia-vicaria-y-tipificarla-como-delito","status":"publish","type":"post","link":"https:\/\/congresogro.gob.mx\/63\/inicio\/2022\/08\/16\/anuncian-en-foro-con-mujeres-una-iniciativa-para-visibilizar-la-violencia-vicaria-y-tipificarla-como-delito\/","title":{"rendered":"ANUNCIAN EN FORO CON MUJERES UNA INICIATIVA PARA  VISIBILIZAR LA VIOLENCIA VICARIA Y TIPIFICARLA COMO DELITO"},"content":{"rendered":"<p style=\"text-align: justify;\"><strong>Chilpancingo, Gro., a 16 de agosto de 2022<\/strong>.- Con el objetivo de delinear reformas legales que erradiquen y sancionen la agresi\u00f3n y manipulaci\u00f3n a trav\u00e9s de los hijos contra alguno de sus progenitores, la diputada Gabriela Bernal Res\u00e9ndiz adelant\u00f3 la presentaci\u00f3n de una iniciativa en fecha pr\u00f3xima.<\/p>\n<p style=\"text-align: justify;\">Lo anterior durante el primer conversatorio \u201cViolencia vicaria, su impacto en la sociedad guerrerense y su tipificaci\u00f3n como delito\u00bb, convocado y organizado por la diputada local Gabriela Bernal Res\u00e9ndiz, presidenta de la Comisi\u00f3n para la Igualdad de G\u00e9nero del Congreso del Estado, en coordinaci\u00f3n con las fundadoras del Frente Nacional contra la Violencia Vicaria, impartidores de justicia, v\u00edctimas, organismos gubernamentales y de la sociedad civil, as\u00ed como integrantes del Colectivo 50+1 cap\u00edtulo Guerrero,\u00a0 este martes en la ciudad y puerto de Acapulco.<\/p>\n<p style=\"text-align: justify;\">En su mensaje de apertura, la diputada precis\u00f3 que la \u201cviolencia vicaria\u201d es la agresi\u00f3n y manipulaci\u00f3n a trav\u00e9s de las y de los hijos en contra de alguno de sus progenitores; y que en Guerrero se tienen alarmantes indicadores de que es la mujer quien m\u00e1s sufre de este tipo de agresiones de g\u00e9nero por parte del c\u00f3nyuge.<\/p>\n<p style=\"text-align: justify;\">Agreg\u00f3 que con los foros se busca visibilizar esta violencia vicaria y sus estragos, a fin de allanar el camino al pleno acceso a la justicia, mediante herramientas jur\u00eddicas que permitan su atenci\u00f3n, prevenci\u00f3n sanci\u00f3n y erradicaci\u00f3n.<\/p>\n<p style=\"text-align: justify;\">Durante el foro, expusieron sus experiencias las cofundadoras del Frente Nacional Contra Violencia Vicaria, Alexandra Volin-Bolok y Jennifer Seifert, acompa\u00f1adas de la presidenta nacional del Colectivo 50+1, as\u00ed como las exsenadoras Mar\u00eda Elena Orantes y Guadalupe G\u00f3mez Maganda.<\/p>\n<p style=\"text-align: justify;\">Bernal Res\u00e9ndiz anunci\u00f3 que este mi\u00e9rcoles podr\u00eda presentar la iniciativa de Ley, misma que ya se present\u00f3 en el Senado de la Rep\u00fablica y ha sido aprobada en seis estados del pa\u00eds, resaltando que Guerrero no debe rezagarse en tipificar como delito este tipo de violencia que muchas personas desconocen que est\u00e1n viviendo.<\/p>\n<p style=\"text-align: justify;\">La propuesta fue acogida y respaldada por las asistentes, entre ellas la diputada Leticia Castro Ortiz; la secretaria de la Mujer del Gobierno del Estado, Violeta Pino Gir\u00f3n; las magistradas Norma Leticia M\u00e9ndez Abarca, Indalecia Pacheco Le\u00f3n y Adela Rom\u00e1n Ocampo; la directora estatal para Prevenir la Violencia Contra la Mujer de la Secretar\u00eda General de Gobierno, Yenedith Barrientos Santiago; la Dra. Rosa Icela Ojeda Rivera, coordinadora del Observatorio de Violencia contra las Mujeres \u00abHanna Harent\u00bb en Guerrero; las Consejeras del Instituto Electoral y de Participaci\u00f3n Ciudadana en Guerrero, Cinthya Citlali D\u00edaz Fuentes, Dulce Merary Villalobos Tlatempa y Vicenta Molina Revueltas; la directora de INMUJER en Acapulco, Elizabeth Maya Paco, entre otras integrantes de organizaciones de la sociedad civil, quienes durante horas se dedicaron a analizar, intercambiar diagn\u00f3sticos, experiencias y estad\u00edsticas sobre el impacto y las formas en que este flagelo agrede a las ni\u00f1as, ni\u00f1os y adolescentes en su derecho de vivir una vida libre de violencia, adem\u00e1s de que vulnera sus derechos humanos y su libre desarrollo de la personalidad, as\u00ed como el principio del inter\u00e9s superior de la ni\u00f1ez.<\/p>\n","protected":false},"excerpt":{"rendered":"<p>Chilpancingo, Gro., a 16 de agosto de 2022.- Con el objetivo de delinear reformas legales que erradiquen y sancionen la agresi\u00f3n y manipulaci\u00f3n a trav\u00e9s de los hijos contra alguno de sus progenitores, la diputada Gabriela Bernal Res\u00e9ndiz adelant\u00f3 la presentaci\u00f3n de una iniciativa en fecha pr\u00f3xima. Lo anterior durante el primer conversatorio \u201cViolencia vicaria,&#8230;<\/p>\n","protected":false},"author":1,"featured_media":4417,"comment_status":"closed","ping_status":"open","sticky":false,"template":"","format":"standard","meta":{"_monsterinsights_skip_tracking":false,"_monsterinsights_sitenote_active":false,"_monsterinsights_sitenote_note":"","_monsterinsights_sitenote_category":0,"footnotes":""},"categories":[3,42],"tags":[],"class_list":["post-4415","post","type-post","status-publish","format-standard","has-post-thumbnail","hentry","category-boletin","category-gabriela-bernal-resendiz"],"aioseo_notices":[],"_links":{"self":[{"href":"https:\/\/congresogro.gob.mx\/63\/inicio\/wp-json\/wp\/v2\/posts\/4415","targetHints":{"allow":["GET"]}}],"collection":[{"href":"https:\/\/congresogro.gob.mx\/63\/inicio\/wp-json\/wp\/v2\/posts"}],"about":[{"href":"https:\/\/congresogro.gob.mx\/63\/inicio\/wp-json\/wp\/v2\/types\/post"}],"author":[{"embeddable":true,"href":"https:\/\/congresogro.gob.mx\/63\/inicio\/wp-json\/wp\/v2\/users\/1"}],"replies":[{"embeddable":true,"href":"https:\/\/congresogro.gob.mx\/63\/inicio\/wp-json\/wp\/v2\/comments?post=4415"}],"version-history":[{"count":1,"href":"https:\/\/congresogro.gob.mx\/63\/inicio\/wp-json\/wp\/v2\/posts\/4415\/revisions"}],"predecessor-version":[{"id":4418,"href":"https:\/\/congresogro.gob.mx\/63\/inicio\/wp-json\/wp\/v2\/posts\/4415\/revisions\/4418"}],"wp:featuredmedia":[{"embeddable":true,"href":"https:\/\/congresogro.gob.mx\/63\/inicio\/wp-json\/wp\/v2\/media\/4417"}],"wp:attachment":[{"href":"https:\/\/congresogro.gob.mx\/63\/inicio\/wp-json\/wp\/v2\/media?parent=4415"}],"wp:term":[{"taxonomy":"category","embeddable":true,"href":"https:\/\/congresogro.gob.mx\/63\/inicio\/wp-json\/wp\/v2\/categories?post=4415"},{"taxonomy":"post_tag","embeddable":true,"href":"https:\/\/congresogro.gob.mx\/63\/inicio\/wp-json\/wp\/v2\/tags?post=4415"}],"curies":[{"name":"wp","href":"https:\/\/api.w.org\/{rel}","templated":true}]}}