{"id":4271,"date":"2022-08-11T14:38:58","date_gmt":"2022-08-11T19:38:58","guid":{"rendered":"https:\/\/congresogro.gob.mx\/63\/inicio\/?p=4271"},"modified":"2022-08-12T14:40:14","modified_gmt":"2022-08-12T19:40:14","slug":"este-viernes-en-el-congreso-del-estado-se-desarrollara-el-parlamento-juvenil-2022","status":"publish","type":"post","link":"https:\/\/congresogro.gob.mx\/63\/inicio\/2022\/08\/11\/este-viernes-en-el-congreso-del-estado-se-desarrollara-el-parlamento-juvenil-2022\/","title":{"rendered":"ESTE VIERNES EN EL CONGRESO DEL ESTADO SE DESARROLLAR\u00c1 EL PARLAMENTO JUVENIL 2022"},"content":{"rendered":"<p style=\"text-align: justify;\"><strong>Chilpancingo, Gro., a 11 de agosto de 2022.-<\/strong> Este viernes en el Congreso del Estado se llevar\u00e1 a cabo el Parlamento Juvenil 2022, donde 46 j\u00f3venes provenientes de las diversas regiones de la entidad externar\u00e1n sus ideas y sus propuestas que ser\u00e1n integradas en la agenda legislativa.<\/p>\n<p style=\"text-align: justify;\">Dicho Parlamento que se realiza a trav\u00e9s de la Comisi\u00f3n de la Juventud y el Deporte de la LXIII Legislatura, en coordinaci\u00f3n con la Secretar\u00eda de la Juventud y la Ni\u00f1ez del Gobierno del Estado y el Instituto Electoral y de Participaci\u00f3n Ciudadana, tiene como objetivo promover la participaci\u00f3n democr\u00e1tica de las juventudes guerrerenses<\/p>\n<p style=\"text-align: justify;\">Los temas que se abordar\u00e1n son: Mujeres, g\u00e9nero y diversidad sexual; Migraci\u00f3n; Identidad y representaci\u00f3n pol\u00edtica de los pueblos originarios y afrodescendientes; Derechos culturales de la juventud: arte, ciencia y tecnolog\u00eda; Atenci\u00f3n a la salud p\u00fablica: seguridad social; Prevenci\u00f3n de adicciones, derechos sexuales y reproductivos; Derecho y acceso a la justicia para adolescentes.<\/p>\n<p style=\"text-align: justify;\">El Parlamento Juvenil 2022 estar\u00e1 integrado por Emly Eusebia Castro L\u00f3pez, Brenda Garc\u00eda Garc\u00eda, Elsy Yatziry Rivera Delgado, Alondra Iturbide Cruz, Jes\u00fas David Herrera Rodr\u00edguez, Jezreel Ortiz Romero, Alejandro Aguirre Alonso, Luis Ger\u00f3nimo Godoy Nava, Denisse Arantza Ayala Flores, Marisol Mart\u00ednez Guzm\u00e1n, Ulises Ra\u00fal Ram\u00edrez Villegas, Luis Fernando Mendoza Garc\u00eda.<\/p>\n<p style=\"text-align: justify;\">Asimismo, por Anette R\u00edos Ramos, Kimbery Huchin Rosas, Mayra Guadalupe Ram\u00edrez \u00c1vila, Diane Galilea Garc\u00eda Bello, Julio C\u00e9sar L\u00e1zaro Alejo, Emiliano Rojas Rizas, Emiliano Organiz Carrillo, Jes\u00fas Emiliano Araujo Araujo,\u00a0 Jos\u00e9 Emmanuel C\u00e1stulo Moncayo, Regino Salgado Santiago, Aimee Guadalupe Ortega Salgado, Diana Evelyn Gonz\u00e1lez Alonso, Axel Eduardo Siriaco Dom\u00ednguez, Adelaido de la Cruz Rivera y Sandra Monserrat Castrej\u00f3n Zaragoza.<\/p>\n<p style=\"text-align: justify;\">Adem\u00e1s, por Nailea Mair\u00edn Vega Rodr\u00edguez, Katia Yasm\u00edn Ocampo Figueroa, Nancy Arlen Ventura de la Cruz, Ronaldo Calder\u00f3n Villa, Jos\u00e9 Luis Ram\u00edrez Ruiz, Olimpia Pastrana Salinas, Yahaira Yamilet Ruiz Huerta, Silvio Julio Jim\u00e9nez Salinas, Jes\u00fas Ernesto Cris\u00f3stomo Santos, Pablo Garc\u00eda Cort\u00e9s, Saulen Jusino Jacinto Rom\u00e1n, Jos\u00e9 Alfredo Bautista Molina, Erick Pavell Galeana Mayo, Jarumi Monserrat Garc\u00eda Mar\u00edn, Diana Cecilia Jim\u00e9nez Carrasco, Saudy Isui Mendoza Victoriano, Arlette Pamela Silva Hern\u00e1ndez, Cristhian Yazbeth Durante Gonz\u00e1lez y Carmen Ignacio Garc\u00eda.<\/p>\n<p style=\"text-align: justify;\">Cabe mencionar que este jueves se eligi\u00f3 a las y los parlamentaristas que integrar\u00e1n la Mesa Directiva y que coordinar\u00e1n los trabajos del Parlamento Juvenil 2022.<\/p>\n","protected":false},"excerpt":{"rendered":"<p>Chilpancingo, Gro., a 11 de agosto de 2022.- Este viernes en el Congreso del Estado se llevar\u00e1 a cabo el Parlamento Juvenil 2022, donde 46 j\u00f3venes provenientes de las diversas regiones de la entidad externar\u00e1n sus ideas y sus propuestas que ser\u00e1n integradas en la agenda legislativa. Dicho Parlamento que se realiza a trav\u00e9s de&#8230;<\/p>\n","protected":false},"author":1,"featured_media":4273,"comment_status":"closed","ping_status":"open","sticky":false,"template":"","format":"standard","meta":{"_monsterinsights_skip_tracking":false,"_monsterinsights_sitenote_active":false,"_monsterinsights_sitenote_note":"","_monsterinsights_sitenote_category":0,"footnotes":""},"categories":[3],"tags":[],"class_list":["post-4271","post","type-post","status-publish","format-standard","has-post-thumbnail","hentry","category-boletin"],"aioseo_notices":[],"_links":{"self":[{"href":"https:\/\/congresogro.gob.mx\/63\/inicio\/wp-json\/wp\/v2\/posts\/4271","targetHints":{"allow":["GET"]}}],"collection":[{"href":"https:\/\/congresogro.gob.mx\/63\/inicio\/wp-json\/wp\/v2\/posts"}],"about":[{"href":"https:\/\/congresogro.gob.mx\/63\/inicio\/wp-json\/wp\/v2\/types\/post"}],"author":[{"embeddable":true,"href":"https:\/\/congresogro.gob.mx\/63\/inicio\/wp-json\/wp\/v2\/users\/1"}],"replies":[{"embeddable":true,"href":"https:\/\/congresogro.gob.mx\/63\/inicio\/wp-json\/wp\/v2\/comments?post=4271"}],"version-history":[{"count":1,"href":"https:\/\/congresogro.gob.mx\/63\/inicio\/wp-json\/wp\/v2\/posts\/4271\/revisions"}],"predecessor-version":[{"id":4274,"href":"https:\/\/congresogro.gob.mx\/63\/inicio\/wp-json\/wp\/v2\/posts\/4271\/revisions\/4274"}],"wp:featuredmedia":[{"embeddable":true,"href":"https:\/\/congresogro.gob.mx\/63\/inicio\/wp-json\/wp\/v2\/media\/4273"}],"wp:attachment":[{"href":"https:\/\/congresogro.gob.mx\/63\/inicio\/wp-json\/wp\/v2\/media?parent=4271"}],"wp:term":[{"taxonomy":"category","embeddable":true,"href":"https:\/\/congresogro.gob.mx\/63\/inicio\/wp-json\/wp\/v2\/categories?post=4271"},{"taxonomy":"post_tag","embeddable":true,"href":"https:\/\/congresogro.gob.mx\/63\/inicio\/wp-json\/wp\/v2\/tags?post=4271"}],"curies":[{"name":"wp","href":"https:\/\/api.w.org\/{rel}","templated":true}]}}