{"id":4193,"date":"2022-07-20T18:25:23","date_gmt":"2022-07-20T23:25:23","guid":{"rendered":"https:\/\/congresogro.gob.mx\/63\/inicio\/?p=4193"},"modified":"2022-07-21T18:27:19","modified_gmt":"2022-07-21T23:27:19","slug":"exhortan-diputados-al-ayuntamiento-de-chilpancingo-para-atender-recomendaciones-de-proteccion-civil-por-deslaves-y-grietas-en-colonias-de-la-capital","status":"publish","type":"post","link":"https:\/\/congresogro.gob.mx\/63\/inicio\/2022\/07\/20\/exhortan-diputados-al-ayuntamiento-de-chilpancingo-para-atender-recomendaciones-de-proteccion-civil-por-deslaves-y-grietas-en-colonias-de-la-capital\/","title":{"rendered":"EXHORTAN DIPUTADOS AL AYUNTAMIENTO DE CHILPANCINGO PARA ATENDER RECOMENDACIONES DE PROTECCI\u00d3N CIVIL POR DESLAVES Y GRIETAS EN COLONIAS DE LA CAPITAL"},"content":{"rendered":"<p style=\"text-align: justify;\"><strong>Chilpancingo, Gro., a 20 de julio de 2022<\/strong>.- La Comisi\u00f3n Permanente \u00a0del Congreso del Estado aprob\u00f3 un exhorto al Ayuntamiento de Chilpancingo para que atienda las recomendaciones de monitoreo que establece el dictamen de riesgo emitido por la Direcci\u00f3n de Sistemas de Informaci\u00f3n de Riesgos de la Secretar\u00eda de Protecci\u00f3n Civil, a efecto de establecer una coordinaci\u00f3n m\u00e1s estrecha entre los consejos Municipal y Estatal de Protecci\u00f3n Civil, que solucione la problem\u00e1tica de distintas colonias que presentan alto riesgo de cat\u00e1strofe.<\/p>\n<p style=\"text-align: justify;\">Al fundamentar el dictamen, la presidenta de la Comisi\u00f3n de Protecci\u00f3n Civil, diputada Patricia Doroteo Calder\u00f3n, manifest\u00f3 que el exhorto se dio luego de que el Ayuntamiento capitalino envi\u00f3 una copia certificada del acta extraordinaria de Cabildo, anexando Dictamen de Riesgo, a las autoridades federales, estatales y al Congreso para su conocimiento, y en el marco de sus atribuciones y competencias auxilien a la poblaci\u00f3n afectada de las colonias de la zona norponiente de esta ciudad capital.<\/p>\n<p style=\"text-align: justify;\">\u201cEl dictamen establece que en dicha zona se han documentado agrietamientos y asentamientos diferenciales con empuje del terreno sobre las viviendas y calles a lo largo de ladera, y se determin\u00f3 que existe un movimiento de reptaci\u00f3n, que es muy lento en las capas superiores de laderas arcillosas, relacionado con procesos de variaci\u00f3n de humedad estacionales en el suelo, ya que el agua favorece este fen\u00f3meno, adem\u00e1s del aumento del peso consiguiente\u201d abund\u00f3.<\/p>\n<p style=\"text-align: justify;\">Expuso que, aunado a la actividad s\u00edsmica existente, el agrietamiento se debe a varios factores, entre ellos una inadecuada salida de las aguas mete\u00f3ricas y dom\u00e9sticas, lo que contribuye al reblandecimiento del terreno y su estabilizaci\u00f3n, adem\u00e1s de la acci\u00f3n antropog\u00e9nica, representada por la implementaci\u00f3n de retajes y relleno de plataformas con material no apto y mala compactaci\u00f3n para la construcci\u00f3n de viviendas.<\/p>\n<p style=\"text-align: justify;\">Por estas razones, en el dictamen se se\u00f1ala que las dependencias de los tres niveles de gobierno son las directamente vinculadas en la articulaci\u00f3n de pol\u00edticas y acciones en caminadas a la protecci\u00f3n civil de las personas como de sus bienes, y que la intervenci\u00f3n del Congreso es \u00fanicamente como instrumentador de acciones de coordinaci\u00f3n y observancia en la aplicaci\u00f3n de la Ley.<\/p>\n<p style=\"text-align: justify;\">A\u00f1ade que, ante la posibilidad de la presencia de un riesgo de afectaci\u00f3n, las autoridades del Consejo Municipal de Protecci\u00f3n Civil deben establecer mecanismos de coordinaci\u00f3n y colaboraci\u00f3n con el estado y la federaci\u00f3n, para realizar las acciones concretas de monitoreo, as\u00ed como de vinculaci\u00f3n y participaci\u00f3n de la poblaci\u00f3n que pueda verse afectada.<\/p>\n<p style=\"text-align: justify;\"><strong>\u00a0<\/strong><\/p>\n<p style=\"text-align: justify;\"><strong>Acuerdos<\/strong><\/p>\n<p style=\"text-align: justify;\">Las y los legisladores aprobaron por mayor\u00eda de votos un exhorto propuesto por la diputada Susana Paola Ju\u00e1rez G\u00f3mez a la directora general del Instituto del Deporte de Guerrero (INDEG), para que otorgue becas a las y los deportistas destacados, con el objetivo de impulsar el deporte entre las y los j\u00f3venes guerrerenses.<\/p>\n","protected":false},"excerpt":{"rendered":"<p>Chilpancingo, Gro., a 20 de julio de 2022.- La Comisi\u00f3n Permanente \u00a0del Congreso del Estado aprob\u00f3 un exhorto al Ayuntamiento de Chilpancingo para que atienda las recomendaciones de monitoreo que establece el dictamen de riesgo emitido por la Direcci\u00f3n de Sistemas de Informaci\u00f3n de Riesgos de la Secretar\u00eda de Protecci\u00f3n Civil, a efecto de establecer&#8230;<\/p>\n","protected":false},"author":1,"featured_media":4195,"comment_status":"closed","ping_status":"open","sticky":false,"template":"","format":"standard","meta":{"_monsterinsights_skip_tracking":false,"_monsterinsights_sitenote_active":false,"_monsterinsights_sitenote_note":"","_monsterinsights_sitenote_category":0,"footnotes":""},"categories":[3,43],"tags":[],"class_list":["post-4193","post","type-post","status-publish","format-standard","has-post-thumbnail","hentry","category-boletin","category-patricia-doroteo-calderon"],"aioseo_notices":[],"_links":{"self":[{"href":"https:\/\/congresogro.gob.mx\/63\/inicio\/wp-json\/wp\/v2\/posts\/4193","targetHints":{"allow":["GET"]}}],"collection":[{"href":"https:\/\/congresogro.gob.mx\/63\/inicio\/wp-json\/wp\/v2\/posts"}],"about":[{"href":"https:\/\/congresogro.gob.mx\/63\/inicio\/wp-json\/wp\/v2\/types\/post"}],"author":[{"embeddable":true,"href":"https:\/\/congresogro.gob.mx\/63\/inicio\/wp-json\/wp\/v2\/users\/1"}],"replies":[{"embeddable":true,"href":"https:\/\/congresogro.gob.mx\/63\/inicio\/wp-json\/wp\/v2\/comments?post=4193"}],"version-history":[{"count":1,"href":"https:\/\/congresogro.gob.mx\/63\/inicio\/wp-json\/wp\/v2\/posts\/4193\/revisions"}],"predecessor-version":[{"id":4196,"href":"https:\/\/congresogro.gob.mx\/63\/inicio\/wp-json\/wp\/v2\/posts\/4193\/revisions\/4196"}],"wp:featuredmedia":[{"embeddable":true,"href":"https:\/\/congresogro.gob.mx\/63\/inicio\/wp-json\/wp\/v2\/media\/4195"}],"wp:attachment":[{"href":"https:\/\/congresogro.gob.mx\/63\/inicio\/wp-json\/wp\/v2\/media?parent=4193"}],"wp:term":[{"taxonomy":"category","embeddable":true,"href":"https:\/\/congresogro.gob.mx\/63\/inicio\/wp-json\/wp\/v2\/categories?post=4193"},{"taxonomy":"post_tag","embeddable":true,"href":"https:\/\/congresogro.gob.mx\/63\/inicio\/wp-json\/wp\/v2\/tags?post=4193"}],"curies":[{"name":"wp","href":"https:\/\/api.w.org\/{rel}","templated":true}]}}