{"id":4177,"date":"2022-07-17T12:00:40","date_gmt":"2022-07-17T17:00:40","guid":{"rendered":"https:\/\/congresogro.gob.mx\/63\/inicio\/?p=4177"},"modified":"2022-07-18T12:02:24","modified_gmt":"2022-07-18T17:02:24","slug":"van-diputados-a-caxitepec-para-escuchar-a-pobladores-que-quieren-ser-nuevo-municipio","status":"publish","type":"post","link":"https:\/\/congresogro.gob.mx\/63\/inicio\/2022\/07\/17\/van-diputados-a-caxitepec-para-escuchar-a-pobladores-que-quieren-ser-nuevo-municipio\/","title":{"rendered":"VAN DIPUTADOS A CAXITEPEC PARA ESCUCHAR A POBLADORES QUE QUIEREN SER NUEVO MUNICIPIO"},"content":{"rendered":"<p style=\"text-align: justify;\"><strong>Chilpancingo, Gro., a 17 de julio de 2022<\/strong>.- Los diputados Alfredo S\u00e1nchez Esquivel y Raymundo Garc\u00eda Guti\u00e9rrez, presidente y vocal de Junta de Coordinaci\u00f3n Pol\u00edtica (Jupoco) del Congreso del Estado, junto con las diputadas Jennifer Garc\u00eda Lucena y Patricia Doroteo Calder\u00f3n, visitaron la comunidad de Caxitepec, del municipio de Acatepec, en la regi\u00f3n Monta\u00f1a, para escuchar de viva voz de sus habitantes la intenci\u00f3n de convertirse en nuevo municipio de Guerrero.<\/p>\n<p style=\"text-align: justify;\">Invitados por integrantes del Comit\u00e9 Gestor y las propias autoridades comunales, las y los legisladores arribaron a la cancha de usos m\u00faltiples para abordar el asunto ante m\u00e1s de un centenar de pobladores, quienes explicaron sus razonamientos.<\/p>\n<p style=\"text-align: justify;\">Manifestaron que el Congreso ha mostrado recientemente una gran apertura a las leg\u00edtimas demandas sociales, gracias a lo cual, en fechas recientes, se concret\u00f3 la creaci\u00f3n oficial de cuatro nuevos municipios de Guerrero: Las Vigas, San Nicol\u00e1s, \u00d1uu Savi y Santa Cruz del Rinc\u00f3n.<\/p>\n<p style=\"text-align: justify;\">En su intervenci\u00f3n, el diputado S\u00e1nchez Esquivel extern\u00f3 que \u201cla idea de estar en territorio, de estar con ustedes, es hablarles de frente, comprometernos con lo que est\u00e9 de nuestra parte y dar soluci\u00f3n a las peticiones de los pueblos originarios\u201d. En ese sentido, les asegur\u00f3 que las 42 comunidades que pretenden conformar el nuevo municipio de Caxitepec recibir\u00e1n acompa\u00f1amiento y asesor\u00eda del Poder Legislativo.<\/p>\n<p style=\"text-align: justify;\">Subray\u00f3 el legislador que entiende el sentir de los pueblos que buscan con la municipalizaci\u00f3n opciones de desarrollo y bienestar para la colectividad. \u201cNo se trata de dividir los municipios; Guerrero es un estado muy accidentado geogr\u00e1ficamente, con muchas monta\u00f1as, muchas barrancas, muchos cerros, lo cual impide una buena comunicaci\u00f3n; de ah\u00ed la importancia de segregarse o independizarse, para beneficio de la gente\u201d, apunt\u00f3.<\/p>\n<p style=\"text-align: justify;\">Por su parte, el diputado Raymundo Garc\u00eda Guti\u00e9rrez, vocal de la Jucopo, record\u00f3 que anteriormente Acatepec pertenec\u00eda a Zapotitl\u00e1n Tablas y para llegar a la cabecera eran dos d\u00edas de camino. \u201cDespu\u00e9s, con la organizaci\u00f3n y participaci\u00f3n de los ciudadanos, se logr\u00f3 crear el municipio de Acatepec. Fue as\u00ed como se empez\u00f3 a gozar del desarrollo; por eso nos consta que cuando se crea un nuevo municipio hay mayor atenci\u00f3n, mayor desarrollo, porque entr\u00e9 m\u00e1s cerca se est\u00e9 de las autoridades, de las oficinas de gesti\u00f3n, hay mayor avance\u201d, recalc\u00f3.<\/p>\n<p style=\"text-align: justify;\">En su oportunidad, la diputada Jennifer Garc\u00eda Lucena manifest\u00f3 que comprende lo importante que es para las y los habitantes de Caxitepec lograr el objetivo de ser nuevo municipio. \u201cPor eso van a contar con el respaldo de los diputados hoy presentes, y estoy segura que en el Congreso habr\u00e1 m\u00e1s diputados y diputadas que votar\u00e1n a favor de esta causa\u201d, enfatiz\u00f3.<\/p>\n<p style=\"text-align: justify;\">Tambi\u00e9n brind\u00f3 un mensaje la diputada Patricia Doroteo Calder\u00f3n, del Grupo Parlamentario del PRD, agradeciendo primeramente el recibimiento de los habitantes de Caxitepec a sus representantes populares, quienes con esto se ven m\u00e1s comprometidos a atender con responsabilidad la leg\u00edtima demanda social.<\/p>\n<p style=\"text-align: justify;\">En el encuentro, pobladores, comisarios y autoridades comunales coincidieron en que la visita de las y los legisladores marca un precedente hist\u00f3rico y representa un paso fundamental en sus aspiraciones de convertirse en nuevo municipio.<\/p>\n<p style=\"text-align: justify;\">Reconocieron, a su vez, la apertura que la 63 Legislatura local muestra con los pueblos originarios para escuchar sus necesidades, y anticiparon su plena disposici\u00f3n de seguir el debido proceso y cumplir con los requisitos jur\u00eddicos y pol\u00edticos que demanda el procedimiento para la organizaci\u00f3n de sus comit\u00e9s gestores, a efecto de lograr sus anhelos de independencia y anhelado desarrollo.<\/p>\n","protected":false},"excerpt":{"rendered":"<p>Chilpancingo, Gro., a 17 de julio de 2022.- Los diputados Alfredo S\u00e1nchez Esquivel y Raymundo Garc\u00eda Guti\u00e9rrez, presidente y vocal de Junta de Coordinaci\u00f3n Pol\u00edtica (Jupoco) del Congreso del Estado, junto con las diputadas Jennifer Garc\u00eda Lucena y Patricia Doroteo Calder\u00f3n, visitaron la comunidad de Caxitepec, del municipio de Acatepec, en la regi\u00f3n Monta\u00f1a, para&#8230;<\/p>\n","protected":false},"author":1,"featured_media":4179,"comment_status":"closed","ping_status":"open","sticky":false,"template":"","format":"standard","meta":{"_monsterinsights_skip_tracking":false,"_monsterinsights_sitenote_active":false,"_monsterinsights_sitenote_note":"","_monsterinsights_sitenote_category":0,"footnotes":""},"categories":[4,3,5],"tags":[],"class_list":["post-4177","post","type-post","status-publish","format-standard","has-post-thumbnail","hentry","category-alfredo-sanchez-esquivel","category-boletin","category-raymundo-garcia-gutierrez"],"aioseo_notices":[],"_links":{"self":[{"href":"https:\/\/congresogro.gob.mx\/63\/inicio\/wp-json\/wp\/v2\/posts\/4177","targetHints":{"allow":["GET"]}}],"collection":[{"href":"https:\/\/congresogro.gob.mx\/63\/inicio\/wp-json\/wp\/v2\/posts"}],"about":[{"href":"https:\/\/congresogro.gob.mx\/63\/inicio\/wp-json\/wp\/v2\/types\/post"}],"author":[{"embeddable":true,"href":"https:\/\/congresogro.gob.mx\/63\/inicio\/wp-json\/wp\/v2\/users\/1"}],"replies":[{"embeddable":true,"href":"https:\/\/congresogro.gob.mx\/63\/inicio\/wp-json\/wp\/v2\/comments?post=4177"}],"version-history":[{"count":1,"href":"https:\/\/congresogro.gob.mx\/63\/inicio\/wp-json\/wp\/v2\/posts\/4177\/revisions"}],"predecessor-version":[{"id":4180,"href":"https:\/\/congresogro.gob.mx\/63\/inicio\/wp-json\/wp\/v2\/posts\/4177\/revisions\/4180"}],"wp:featuredmedia":[{"embeddable":true,"href":"https:\/\/congresogro.gob.mx\/63\/inicio\/wp-json\/wp\/v2\/media\/4179"}],"wp:attachment":[{"href":"https:\/\/congresogro.gob.mx\/63\/inicio\/wp-json\/wp\/v2\/media?parent=4177"}],"wp:term":[{"taxonomy":"category","embeddable":true,"href":"https:\/\/congresogro.gob.mx\/63\/inicio\/wp-json\/wp\/v2\/categories?post=4177"},{"taxonomy":"post_tag","embeddable":true,"href":"https:\/\/congresogro.gob.mx\/63\/inicio\/wp-json\/wp\/v2\/tags?post=4177"}],"curies":[{"name":"wp","href":"https:\/\/api.w.org\/{rel}","templated":true}]}}