{"id":4173,"date":"2022-07-15T11:54:56","date_gmt":"2022-07-15T16:54:56","guid":{"rendered":"https:\/\/congresogro.gob.mx\/63\/inicio\/?p=4173"},"modified":"2022-07-18T12:00:14","modified_gmt":"2022-07-18T17:00:14","slug":"analizan-iniciativa-en-el-congreso-del-estado-para-que-los-ayuntamientos-cumplan-con-el-principio-de-paridad-en-la-integracion-de-todos-los-cargos","status":"publish","type":"post","link":"https:\/\/congresogro.gob.mx\/63\/inicio\/2022\/07\/15\/analizan-iniciativa-en-el-congreso-del-estado-para-que-los-ayuntamientos-cumplan-con-el-principio-de-paridad-en-la-integracion-de-todos-los-cargos\/","title":{"rendered":"ANALIZAN INICIATIVA EN EL CONGRESO DEL ESTADO PARA QUE LOS AYUNTAMIENTOS CUMPLAN CON EL PRINCIPIO DE PARIDAD EN LA INTEGRACI\u00d3N DE TODOS LOS CARGOS"},"content":{"rendered":"<p style=\"text-align: justify;\"><strong>Chilpancingo, Gro., a 15 de julio 2022<\/strong>.- La Comisi\u00f3n de Asuntos Pol\u00edticos y Gobernaci\u00f3n analiza una iniciativa de reforma a la Ley Org\u00e1nica del Municipio Libre del Estado para que los ayuntamientos nombren a los miembros de la administraci\u00f3n de conformidad con el principio de paridad de g\u00e9nero, sin perjuicio de la denominaci\u00f3n o rango jer\u00e1rquico.<\/p>\n<p style=\"text-align: justify;\">Esta propuesta fue presentada por la diputada Jessica Ivette Alejo Rayo (Morena), quien hizo un llamado a sus hom\u00f3logos para legislar de tal manera que tanto hombres como mujeres cuenten con las mismas oportunidades, dejando a un lado los estereotipos que durante a\u00f1os han marcado la desigualdad en las administraciones p\u00fablicas.<\/p>\n<p style=\"text-align: justify;\">Extern\u00f3 que la paridad de g\u00e9nero en las secretar\u00edas del Gobierno Federal y Estatal es por mandato constitucional, ante lo cual resulta importante legislar para que en la Ley Org\u00e1nica del Municipio se plasme que los ayuntamientos de la entidad garanticen una composici\u00f3n paritaria en su estructura administrativa, y con esto resarcir la deuda hist\u00f3rica que se tiene con las mujeres guerrerenses.<\/p>\n<p style=\"text-align: justify;\">Alejo Rayo precis\u00f3 que en M\u00e9xico se han creado normas para proteger y salvaguardar a las mujeres, previendo que su participaci\u00f3n y representaci\u00f3n pol\u00edticas sea equilibrada, justa y legal, para hacer realidad la vida democr\u00e1tica en el pa\u00eds, los estados y sus municipios.<\/p>\n<p style=\"text-align: justify;\">En ese sentido, rese\u00f1\u00f3 que el art\u00edculo 41 constitucional, a partir del 7 de junio del 2019, establece que los nombramientos de las personas titulares de las secretar\u00edas de despacho federales y de las entidades federativas deben observar el principio de paridad, en tanto que el art\u00edculo 115 constitucional establece que en el nivel municipal la integraci\u00f3n de cargos de elecci\u00f3n popular directa deber\u00e1 cumplir con el mismo criterio.<\/p>\n","protected":false},"excerpt":{"rendered":"<p>Chilpancingo, Gro., a 15 de julio 2022.- La Comisi\u00f3n de Asuntos Pol\u00edticos y Gobernaci\u00f3n analiza una iniciativa de reforma a la Ley Org\u00e1nica del Municipio Libre del Estado para que los ayuntamientos nombren a los miembros de la administraci\u00f3n de conformidad con el principio de paridad de g\u00e9nero, sin perjuicio de la denominaci\u00f3n o rango&#8230;<\/p>\n","protected":false},"author":1,"featured_media":4175,"comment_status":"closed","ping_status":"open","sticky":false,"template":"","format":"standard","meta":{"_monsterinsights_skip_tracking":false,"_monsterinsights_sitenote_active":false,"_monsterinsights_sitenote_note":"","_monsterinsights_sitenote_category":0,"footnotes":""},"categories":[3,10],"tags":[],"class_list":["post-4173","post","type-post","status-publish","format-standard","has-post-thumbnail","hentry","category-boletin","category-jessica-ivette-alejo-rayo"],"aioseo_notices":[],"_links":{"self":[{"href":"https:\/\/congresogro.gob.mx\/63\/inicio\/wp-json\/wp\/v2\/posts\/4173","targetHints":{"allow":["GET"]}}],"collection":[{"href":"https:\/\/congresogro.gob.mx\/63\/inicio\/wp-json\/wp\/v2\/posts"}],"about":[{"href":"https:\/\/congresogro.gob.mx\/63\/inicio\/wp-json\/wp\/v2\/types\/post"}],"author":[{"embeddable":true,"href":"https:\/\/congresogro.gob.mx\/63\/inicio\/wp-json\/wp\/v2\/users\/1"}],"replies":[{"embeddable":true,"href":"https:\/\/congresogro.gob.mx\/63\/inicio\/wp-json\/wp\/v2\/comments?post=4173"}],"version-history":[{"count":1,"href":"https:\/\/congresogro.gob.mx\/63\/inicio\/wp-json\/wp\/v2\/posts\/4173\/revisions"}],"predecessor-version":[{"id":4176,"href":"https:\/\/congresogro.gob.mx\/63\/inicio\/wp-json\/wp\/v2\/posts\/4173\/revisions\/4176"}],"wp:featuredmedia":[{"embeddable":true,"href":"https:\/\/congresogro.gob.mx\/63\/inicio\/wp-json\/wp\/v2\/media\/4175"}],"wp:attachment":[{"href":"https:\/\/congresogro.gob.mx\/63\/inicio\/wp-json\/wp\/v2\/media?parent=4173"}],"wp:term":[{"taxonomy":"category","embeddable":true,"href":"https:\/\/congresogro.gob.mx\/63\/inicio\/wp-json\/wp\/v2\/categories?post=4173"},{"taxonomy":"post_tag","embeddable":true,"href":"https:\/\/congresogro.gob.mx\/63\/inicio\/wp-json\/wp\/v2\/tags?post=4173"}],"curies":[{"name":"wp","href":"https:\/\/api.w.org\/{rel}","templated":true}]}}