{"id":4152,"date":"2022-07-12T17:13:32","date_gmt":"2022-07-12T22:13:32","guid":{"rendered":"https:\/\/congresogro.gob.mx\/63\/inicio\/?p=4152"},"modified":"2022-07-13T17:15:58","modified_gmt":"2022-07-13T22:15:58","slug":"trabaja-comision-especial-en-la-convocatoria-para-elegir-al-recipiendario-de-la-presea-sentimientos-de-la-nacion","status":"publish","type":"post","link":"https:\/\/congresogro.gob.mx\/63\/inicio\/2022\/07\/12\/trabaja-comision-especial-en-la-convocatoria-para-elegir-al-recipiendario-de-la-presea-sentimientos-de-la-nacion\/","title":{"rendered":"TRABAJA COMISI\u00d3N ESPECIAL EN LA CONVOCATORIA PARA ELEGIR AL RECIPIENDARIO DE LA PRESEA \u201cSENTIMIENTOS DE LA NACI\u00d3N\u201d"},"content":{"rendered":"<p style=\"text-align: justify;\"><strong>Chilpancingo, Gro., a 12 de julio de 2022.-<\/strong> Diputadas y diputados designaron a la Junta de Coordinaci\u00f3n Pol\u00edtica del Congreso del Estado para integrar la Comisi\u00f3n Especial que se encargar\u00e1 de expedir la convocatoria y, oportunamente, dictaminar las candidaturas que se presenten para elegir al recipiendario de la Presea \u201cSentimientos de la Naci\u00f3n\u201d.<\/p>\n<p style=\"text-align: justify;\">Esto de conformidad con el Acuerdo Parlamentario que se\u00f1ala que el pr\u00f3ximo 13 de septiembre del presente a\u00f1o la LXIII Legislatura conmemorar\u00e1 el 209 Aniversario de la Instalaci\u00f3n del Primer Congreso de An\u00e1huac, marco en el cual se lleva a cabo una Sesi\u00f3n Solemne para otorgar dicha presea.<\/p>\n<p style=\"text-align: justify;\">En el documento se se\u00f1ala que hace 209 a\u00f1os el General\u00edsimo Don Jos\u00e9 Mar\u00eda Morelos y Pav\u00f3n instal\u00f3 en la Iglesia de la Asunci\u00f3n de Mar\u00eda, hoy Catedral de la Ciudad de Chilpancingo, el Primer Congreso de An\u00e1huac, donde el 14 de septiembre se proclam\u00f3 el documento titulado \u201cSentimientos de la Naci\u00f3n\u201d que sent\u00f3 las bases del constitucionalismo mexicano.<\/p>\n<p style=\"text-align: justify;\">\u201cQue en los ideales de los Sentimientos de la Naci\u00f3n se establecen como principios fundamentales como la Independencia de Am\u00e9rica de Espa\u00f1a y de toda otra Naci\u00f3n; la ratificaci\u00f3n del principio de Soberan\u00eda Popular; el establecimiento de un r\u00e9gimen de gobierno dividido en tres Poderes: Legislativo, Ejecutivo y Judicial; se propusieron los primeros esbozos legislativos en materia de justicia social; se anularon los privilegios; se proscribi\u00f3 la esclavitud; se protegi\u00f3 el derecho a la propiedad y la inviolabilidad del domicilio; se prohibi\u00f3 la tortura, y se simplific\u00f3 el sistema tributario, eliminando la carga excesiva de tributos\u201d, apunta el documento.<\/p>\n<p style=\"text-align: justify;\">Adem\u00e1s, que los Sentimientos de la Naci\u00f3n es considerado uno de los textos pol\u00edticos mexicanos m\u00e1s importantes, un conjunto de ideas expresadas que se fundamenta en los ideales de independencia.<\/p>\n<p style=\"text-align: justify;\">Por ello, cada 13 de septiembre en Sesi\u00f3n Solemne celebrada en la Catedral de la Asunci\u00f3n de Mar\u00eda se rinde honores al \u201cSiervo de la Naci\u00f3n\u201d, el General\u00edsimo Don Jos\u00e9 Mar\u00eda Morelos y Pav\u00f3n, as\u00ed como a los Diputados Constituyentes que nos dieron Patria y Libertad.<\/p>\n<p style=\"text-align: justify;\">La Presea \u201cSentimientos de la Naci\u00f3n\u201d se otorga a nacionales o extranjeros que sean dignos de portar dicho reconocimiento, tomando en cuenta su cercan\u00eda a los principios del Primer Congreso de An\u00e1huac y de los \u201cSentimientos de la Naci\u00f3n\u201d, como son: la lucha por la paz, la democracia, la defensa de los derechos humanos y, en general, los m\u00e1s altos valores de la humanidad.<\/p>\n<p style=\"text-align: justify;\">La Junta de Coordinaci\u00f3n Pol\u00edtica designada como Comisi\u00f3n Especial ser\u00e1 la encargada de expedir la convocatoria y difundirla ampliamente, y recibidas las propuestas, las dictaminar\u00e1n y someter\u00e1n a la consideraci\u00f3n del Pleno para su aprobaci\u00f3n.<\/p>\n<p style=\"text-align: justify;\">El magno acto del pr\u00f3ximo 13 de septiembre, al que asisten representantes de los Poderes Ejecutivo y Judicial estatales, as\u00ed como del Ejecutivo federal, se realizar\u00e1 atendiendo las medidas que conforme al sem\u00e1foro epidemiol\u00f3gico de COVID-19 correspondan.<\/p>\n","protected":false},"excerpt":{"rendered":"<p>Chilpancingo, Gro., a 12 de julio de 2022.- Diputadas y diputados designaron a la Junta de Coordinaci\u00f3n Pol\u00edtica del Congreso del Estado para integrar la Comisi\u00f3n Especial que se encargar\u00e1 de expedir la convocatoria y, oportunamente, dictaminar las candidaturas que se presenten para elegir al recipiendario de la Presea \u201cSentimientos de la Naci\u00f3n\u201d. Esto de&#8230;<\/p>\n","protected":false},"author":1,"featured_media":4154,"comment_status":"closed","ping_status":"open","sticky":false,"template":"","format":"standard","meta":{"_monsterinsights_skip_tracking":false,"_monsterinsights_sitenote_active":false,"_monsterinsights_sitenote_note":"","_monsterinsights_sitenote_category":0,"footnotes":""},"categories":[3],"tags":[],"class_list":["post-4152","post","type-post","status-publish","format-standard","has-post-thumbnail","hentry","category-boletin"],"aioseo_notices":[],"_links":{"self":[{"href":"https:\/\/congresogro.gob.mx\/63\/inicio\/wp-json\/wp\/v2\/posts\/4152","targetHints":{"allow":["GET"]}}],"collection":[{"href":"https:\/\/congresogro.gob.mx\/63\/inicio\/wp-json\/wp\/v2\/posts"}],"about":[{"href":"https:\/\/congresogro.gob.mx\/63\/inicio\/wp-json\/wp\/v2\/types\/post"}],"author":[{"embeddable":true,"href":"https:\/\/congresogro.gob.mx\/63\/inicio\/wp-json\/wp\/v2\/users\/1"}],"replies":[{"embeddable":true,"href":"https:\/\/congresogro.gob.mx\/63\/inicio\/wp-json\/wp\/v2\/comments?post=4152"}],"version-history":[{"count":1,"href":"https:\/\/congresogro.gob.mx\/63\/inicio\/wp-json\/wp\/v2\/posts\/4152\/revisions"}],"predecessor-version":[{"id":4155,"href":"https:\/\/congresogro.gob.mx\/63\/inicio\/wp-json\/wp\/v2\/posts\/4152\/revisions\/4155"}],"wp:featuredmedia":[{"embeddable":true,"href":"https:\/\/congresogro.gob.mx\/63\/inicio\/wp-json\/wp\/v2\/media\/4154"}],"wp:attachment":[{"href":"https:\/\/congresogro.gob.mx\/63\/inicio\/wp-json\/wp\/v2\/media?parent=4152"}],"wp:term":[{"taxonomy":"category","embeddable":true,"href":"https:\/\/congresogro.gob.mx\/63\/inicio\/wp-json\/wp\/v2\/categories?post=4152"},{"taxonomy":"post_tag","embeddable":true,"href":"https:\/\/congresogro.gob.mx\/63\/inicio\/wp-json\/wp\/v2\/tags?post=4152"}],"curies":[{"name":"wp","href":"https:\/\/api.w.org\/{rel}","templated":true}]}}