{"id":414,"date":"2021-09-16T18:01:05","date_gmt":"2021-09-16T18:01:05","guid":{"rendered":"https:\/\/congresogro.gob.mx\/63\/inicio\/?p=414"},"modified":"2021-09-17T18:01:56","modified_gmt":"2021-09-17T18:01:56","slug":"atiende-diputado-sanchez-esquivel-a-colonos-de-tecpan","status":"publish","type":"post","link":"https:\/\/congresogro.gob.mx\/63\/inicio\/2021\/09\/16\/atiende-diputado-sanchez-esquivel-a-colonos-de-tecpan\/","title":{"rendered":"ATIENDE DIPUTADO S\u00c1NCHEZ ESQUIVEL A COLONOS DE TECPAN"},"content":{"rendered":"<p style=\"text-align: justify;\">El diputado Alfredo S\u00e1nchez Esquivel. presidente de la Junta de Coordinaci\u00f3n Pol\u00edtica del Congreso del Estado, atendi\u00f3 a una comisi\u00f3n de habitantes de la colonia Lucio Caba\u00f1as Barrientos de Papanoa, comunidad perteneciente al municipio de Tecpan de Galeana, regi\u00f3n de la Costa Grande, quienes piden la intervenci\u00f3n del Poder Legislativo para que se les regularice la tenencia de sus tierras. Romero.<br \/>\nEl regidor Orbel\u00edn Maldonado acompa\u00f1\u00f3 la reuni\u00f3n en que el legislador S\u00e1nchez Esquivel manifest\u00f3 la mejor disposici\u00f3n de coadyuvar para que este tr\u00e1mite en el Congreso pueda agilizarse, de conformidad con el proceso legislativo.<\/p>\n<div class=\"yj6qo\"><\/div>\n<div class=\"adL\"><\/div>\n","protected":false},"excerpt":{"rendered":"<p>El diputado Alfredo S\u00e1nchez Esquivel. presidente de la Junta de Coordinaci\u00f3n Pol\u00edtica del Congreso del Estado, atendi\u00f3 a una comisi\u00f3n de habitantes de la colonia Lucio Caba\u00f1as Barrientos de Papanoa, comunidad perteneciente al municipio de Tecpan de Galeana, regi\u00f3n de la Costa Grande, quienes piden la intervenci\u00f3n del Poder Legislativo para que se les regularice&#8230;<\/p>\n","protected":false},"author":1,"featured_media":415,"comment_status":"closed","ping_status":"open","sticky":false,"template":"","format":"standard","meta":{"_monsterinsights_skip_tracking":false,"_monsterinsights_sitenote_active":false,"_monsterinsights_sitenote_note":"","_monsterinsights_sitenote_category":0,"footnotes":""},"categories":[4,3],"tags":[],"class_list":["post-414","post","type-post","status-publish","format-standard","has-post-thumbnail","hentry","category-alfredo-sanchez-esquivel","category-boletin"],"aioseo_notices":[],"_links":{"self":[{"href":"https:\/\/congresogro.gob.mx\/63\/inicio\/wp-json\/wp\/v2\/posts\/414","targetHints":{"allow":["GET"]}}],"collection":[{"href":"https:\/\/congresogro.gob.mx\/63\/inicio\/wp-json\/wp\/v2\/posts"}],"about":[{"href":"https:\/\/congresogro.gob.mx\/63\/inicio\/wp-json\/wp\/v2\/types\/post"}],"author":[{"embeddable":true,"href":"https:\/\/congresogro.gob.mx\/63\/inicio\/wp-json\/wp\/v2\/users\/1"}],"replies":[{"embeddable":true,"href":"https:\/\/congresogro.gob.mx\/63\/inicio\/wp-json\/wp\/v2\/comments?post=414"}],"version-history":[{"count":1,"href":"https:\/\/congresogro.gob.mx\/63\/inicio\/wp-json\/wp\/v2\/posts\/414\/revisions"}],"predecessor-version":[{"id":416,"href":"https:\/\/congresogro.gob.mx\/63\/inicio\/wp-json\/wp\/v2\/posts\/414\/revisions\/416"}],"wp:featuredmedia":[{"embeddable":true,"href":"https:\/\/congresogro.gob.mx\/63\/inicio\/wp-json\/wp\/v2\/media\/415"}],"wp:attachment":[{"href":"https:\/\/congresogro.gob.mx\/63\/inicio\/wp-json\/wp\/v2\/media?parent=414"}],"wp:term":[{"taxonomy":"category","embeddable":true,"href":"https:\/\/congresogro.gob.mx\/63\/inicio\/wp-json\/wp\/v2\/categories?post=414"},{"taxonomy":"post_tag","embeddable":true,"href":"https:\/\/congresogro.gob.mx\/63\/inicio\/wp-json\/wp\/v2\/tags?post=414"}],"curies":[{"name":"wp","href":"https:\/\/api.w.org\/{rel}","templated":true}]}}