{"id":4132,"date":"2022-07-11T09:31:46","date_gmt":"2022-07-11T14:31:46","guid":{"rendered":"https:\/\/congresogro.gob.mx\/63\/inicio\/?p=4132"},"modified":"2022-07-12T09:34:07","modified_gmt":"2022-07-12T14:34:07","slug":"imparten-conferencia-y-otorgan-reconocimientos-en-el-congreso-del-estado-por-el-dia-del-abogado","status":"publish","type":"post","link":"https:\/\/congresogro.gob.mx\/63\/inicio\/2022\/07\/11\/imparten-conferencia-y-otorgan-reconocimientos-en-el-congreso-del-estado-por-el-dia-del-abogado\/","title":{"rendered":"IMPARTEN CONFERENCIA Y OTORGAN RECONOCIMIENTOS  EN EL CONGRESO DEL ESTADO POR EL D\u00cdA DEL ABOGADO"},"content":{"rendered":"<p style=\"text-align: justify;\"><strong>Chilpancingo, Gro., a 11 de julio 2022<\/strong>.- En el marco del \u201cD\u00eda del Abogado\u201d que se celebra este 12 de julio, el Congreso del Estado realiz\u00f3 la conferencia \u201cLa Criminalizaci\u00f3n del Acto M\u00e9dico a Nivel Internacional\u201d, impartida por el Dr. Antonio Ju\u00e1rez Navarro, director general de \u201cJu\u00e1rez y Asociados, Blindaje M\u00e9dico Jur\u00eddico\u201d, y m\u00e1ximo exponente de la defensa del gremio m\u00e9dico en M\u00e9xico y Am\u00e9rica Latina; acto durante el cual se hizo entrega de reconocimientos a abogadas y abogados de gran trayectoria, mismos que fueron propuestos por distintas instituciones y colegios del estado.<\/p>\n<p style=\"text-align: justify;\">En el evento realizado este lunes en las instalaciones del Poder Legislativo, la presidenta de la Mesa Directiva, diputada Flor A\u00f1orve Ocampo, extern\u00f3 que el Congreso local reconoce la importancia que tienen las y los abogados en el desarrollo de la entidad, motivo por el cual, a trav\u00e9s de una convocatoria para recibir propuestas de personalidades que ejercen la abogac\u00eda, es que se otorgaron estos reconocimientos.<\/p>\n<p style=\"text-align: justify;\">Resalt\u00f3 que hacer leyes es una de las principales funciones que se realizan en el Poder Legislativo, para lo cual es fundamental el trabajo de asesores y asesoras que comprometidamente comparten sus conocimientos con las diputadas y diputados, a efecto de que puedan brindar mejores resultados a sus representados. En ese tenor, la legisladora hizo extensiva la felicitaci\u00f3n y reconocimiento a quienes forman parte del cuerpo t\u00e9cnico del Congreso del Estado.<\/p>\n<p style=\"text-align: justify;\">Por su parte, el diputado Andr\u00e9s Guevara C\u00e1rdenas se sum\u00f3 al reconocimiento al gremio de abogadas y abogados del estado, as\u00ed como al ponente, Dr. Antonio Ju\u00e1rez Navarro, por ejercer esta noble labor en favor de la sociedad.<\/p>\n<p style=\"text-align: justify;\">Agreg\u00f3 que el Congreso del Estado es una instituci\u00f3n de puertas abiertas y emp\u00e1tico con las acciones de los distintos sectores que proponen y promueven beneficios en favor de las y los guerrerenses.<\/p>\n","protected":false},"excerpt":{"rendered":"<p>Chilpancingo, Gro., a 11 de julio 2022.- En el marco del \u201cD\u00eda del Abogado\u201d que se celebra este 12 de julio, el Congreso del Estado realiz\u00f3 la conferencia \u201cLa Criminalizaci\u00f3n del Acto M\u00e9dico a Nivel Internacional\u201d, impartida por el Dr. Antonio Ju\u00e1rez Navarro, director general de \u201cJu\u00e1rez y Asociados, Blindaje M\u00e9dico Jur\u00eddico\u201d, y m\u00e1ximo exponente&#8230;<\/p>\n","protected":false},"author":1,"featured_media":4134,"comment_status":"closed","ping_status":"open","sticky":false,"template":"","format":"standard","meta":{"_monsterinsights_skip_tracking":false,"_monsterinsights_sitenote_active":false,"_monsterinsights_sitenote_note":"","_monsterinsights_sitenote_category":0,"footnotes":""},"categories":[3,8],"tags":[],"class_list":["post-4132","post","type-post","status-publish","format-standard","has-post-thumbnail","hentry","category-boletin","category-flor-anorve-ocampo"],"aioseo_notices":[],"_links":{"self":[{"href":"https:\/\/congresogro.gob.mx\/63\/inicio\/wp-json\/wp\/v2\/posts\/4132","targetHints":{"allow":["GET"]}}],"collection":[{"href":"https:\/\/congresogro.gob.mx\/63\/inicio\/wp-json\/wp\/v2\/posts"}],"about":[{"href":"https:\/\/congresogro.gob.mx\/63\/inicio\/wp-json\/wp\/v2\/types\/post"}],"author":[{"embeddable":true,"href":"https:\/\/congresogro.gob.mx\/63\/inicio\/wp-json\/wp\/v2\/users\/1"}],"replies":[{"embeddable":true,"href":"https:\/\/congresogro.gob.mx\/63\/inicio\/wp-json\/wp\/v2\/comments?post=4132"}],"version-history":[{"count":1,"href":"https:\/\/congresogro.gob.mx\/63\/inicio\/wp-json\/wp\/v2\/posts\/4132\/revisions"}],"predecessor-version":[{"id":4135,"href":"https:\/\/congresogro.gob.mx\/63\/inicio\/wp-json\/wp\/v2\/posts\/4132\/revisions\/4135"}],"wp:featuredmedia":[{"embeddable":true,"href":"https:\/\/congresogro.gob.mx\/63\/inicio\/wp-json\/wp\/v2\/media\/4134"}],"wp:attachment":[{"href":"https:\/\/congresogro.gob.mx\/63\/inicio\/wp-json\/wp\/v2\/media?parent=4132"}],"wp:term":[{"taxonomy":"category","embeddable":true,"href":"https:\/\/congresogro.gob.mx\/63\/inicio\/wp-json\/wp\/v2\/categories?post=4132"},{"taxonomy":"post_tag","embeddable":true,"href":"https:\/\/congresogro.gob.mx\/63\/inicio\/wp-json\/wp\/v2\/tags?post=4132"}],"curies":[{"name":"wp","href":"https:\/\/api.w.org\/{rel}","templated":true}]}}