{"id":4105,"date":"2022-07-06T08:58:42","date_gmt":"2022-07-06T13:58:42","guid":{"rendered":"https:\/\/congresogro.gob.mx\/63\/inicio\/?p=4105"},"modified":"2022-07-07T09:00:05","modified_gmt":"2022-07-07T14:00:05","slug":"exhortan-congreso-a-municipios-del-estado-para-que-refuercen-acciones-contra-el-cancer-de-mama","status":"publish","type":"post","link":"https:\/\/congresogro.gob.mx\/63\/inicio\/2022\/07\/06\/exhortan-congreso-a-municipios-del-estado-para-que-refuercen-acciones-contra-el-cancer-de-mama\/","title":{"rendered":"EXHORTAN CONGRESO A MUNICIPIOS DEL ESTADO PARA  QUE REFUERCEN ACCIONES CONTRA EL C\u00c1NCER DE MAMA"},"content":{"rendered":"<p style=\"text-align: justify;\"><strong>Chilpancingo, Gro., a 06 de julio de 2022.-<\/strong> La Comisi\u00f3n Permanente del Congreso del Estado exhort\u00f3 a los 81 ayuntamientos y al Consejo Municipal del Ayutla de los Libres para que, en coordinaci\u00f3n con la Secretar\u00eda de Salud del Gobierno estatal, actualicen y refuercen acciones y programas para la prevenci\u00f3n, tratamiento y concientizaci\u00f3n del c\u00e1ncer de mama.<\/p>\n<p style=\"text-align: justify;\">De acuerdo con el dictamen emitido por la Comisi\u00f3n de Salud, el c\u00e1ncer de mama es una de las enfermedades m\u00e1s devastadoras a nivel mundial que afecta principalmente a las mujeres mayores de 25 a\u00f1os, y constituye una de las dos primeras causas de muerte por neoplasias malignas.<\/p>\n<p style=\"text-align: justify;\">Agrega que conforme a datos de la Organizaci\u00f3n Mundial de la Salud, el c\u00e1ncer de mama genera cada a\u00f1o 1.38 millones de casos nuevos en el mundo y 458 mil muertes de mujeres, de las cuales la mayor\u00eda se registra en los pa\u00edses en desarrollo, a consecuencia de la detecci\u00f3n tard\u00eda, la falta de sensibilidad y dificultad para acceder a los servicios de salud.<\/p>\n<p style=\"text-align: justify;\">Asimismo, el Instituto Nacional de Estad\u00edstica y Geograf\u00eda indica que en M\u00e9xico, entre enero y agosto de 2020, se registraron m\u00e1s de 683 mil defunciones, de las cuales el 9 por ciento se debieron a tumores malignos.<\/p>\n<p style=\"text-align: justify;\">\u201cAnte este mal que aqueja a la poblaci\u00f3n mundial, debemos ser sensibles apoyando y concientizando a la poblaci\u00f3n, para que las mujeres obtengan la informaci\u00f3n y orientaci\u00f3n adecuadas, principalmente en los centros de salud de su localidad, que permita tomar acciones preventivas enfocadas a proteger su vida y bienestar mediante la atenci\u00f3n m\u00e9dica oportuna y la detecci\u00f3n temprana, diagn\u00f3stico preciso y tratamiento apropiado\u201d, subraya el documento.<\/p>\n<p style=\"text-align: justify;\">A\u00f1ade que a pesar de los esfuerzos para que la salud llegue a todos los guerrerenses, a\u00fan existen barreras para el acceso a la atenci\u00f3n, lo que provoca una diminuci\u00f3n de las estrategias de prevenci\u00f3n implementadas por las autoridades sanitarias, aspecto que es determinante para el control del c\u00e1ncer de mama.<\/p>\n<p style=\"text-align: justify;\">\n<p style=\"text-align: justify;\"><strong>Iniciativas<\/strong><\/p>\n<p style=\"text-align: justify;\">La diputada Jennyfer Garc\u00eda Lucena (PRD) present\u00f3 una iniciativa de reforma a la Ley de Educaci\u00f3n del Estado para que en el Sistema Educativo que aqu\u00ed se imparte sea incluida la \u201calfabetizaci\u00f3n digital\u201d, con la finalidad de explotar las ventajas que ofrecen las tecnolog\u00edas de la informaci\u00f3n e incorporar en el escenario digital a la ni\u00f1ez, adolescentes y adultos guerrerenses.<\/p>\n<p style=\"text-align: justify;\">La iniciativa fue turnada a la Comisi\u00f3n de Educaci\u00f3n, Ciencia y Tecnolog\u00eda, para su an\u00e1lisis y dictaminaci\u00f3n correspondientes.<\/p>\n<p style=\"text-align: justify;\">Por su parte, la diputada Jessica Alejo Rayo (Morena) propuso reformar la Ley Org\u00e1nica del Municipio Libre del Estado para que las sesiones de Cabildo de los ayuntamientos se transmitan en vivo mediante las distintas plataformas digitales, y en caso de problemas con la se\u00f1al de internet, sean grabadas y hechas p\u00fablicas en un plazo no mayor a las 48 horas. Esto con el objeto de consolidar el principio de gobiernos abiertos, fomentar la participaci\u00f3n social, la transparencia y la rendici\u00f3n de cuentas.<\/p>\n<p style=\"text-align: justify;\">La propuesta fue turnada a la Comisi\u00f3n de Asuntos Pol\u00edticos y Gobernaci\u00f3n para su respectivo an\u00e1lisis y emisi\u00f3n del dictamen.<\/p>\n","protected":false},"excerpt":{"rendered":"<p>Chilpancingo, Gro., a 06 de julio de 2022.- La Comisi\u00f3n Permanente del Congreso del Estado exhort\u00f3 a los 81 ayuntamientos y al Consejo Municipal del Ayutla de los Libres para que, en coordinaci\u00f3n con la Secretar\u00eda de Salud del Gobierno estatal, actualicen y refuercen acciones y programas para la prevenci\u00f3n, tratamiento y concientizaci\u00f3n del c\u00e1ncer&#8230;<\/p>\n","protected":false},"author":1,"featured_media":4107,"comment_status":"closed","ping_status":"open","sticky":false,"template":"","format":"standard","meta":{"_monsterinsights_skip_tracking":false,"_monsterinsights_sitenote_active":false,"_monsterinsights_sitenote_note":"","_monsterinsights_sitenote_category":0,"footnotes":""},"categories":[3],"tags":[],"class_list":["post-4105","post","type-post","status-publish","format-standard","has-post-thumbnail","hentry","category-boletin"],"aioseo_notices":[],"_links":{"self":[{"href":"https:\/\/congresogro.gob.mx\/63\/inicio\/wp-json\/wp\/v2\/posts\/4105","targetHints":{"allow":["GET"]}}],"collection":[{"href":"https:\/\/congresogro.gob.mx\/63\/inicio\/wp-json\/wp\/v2\/posts"}],"about":[{"href":"https:\/\/congresogro.gob.mx\/63\/inicio\/wp-json\/wp\/v2\/types\/post"}],"author":[{"embeddable":true,"href":"https:\/\/congresogro.gob.mx\/63\/inicio\/wp-json\/wp\/v2\/users\/1"}],"replies":[{"embeddable":true,"href":"https:\/\/congresogro.gob.mx\/63\/inicio\/wp-json\/wp\/v2\/comments?post=4105"}],"version-history":[{"count":1,"href":"https:\/\/congresogro.gob.mx\/63\/inicio\/wp-json\/wp\/v2\/posts\/4105\/revisions"}],"predecessor-version":[{"id":4108,"href":"https:\/\/congresogro.gob.mx\/63\/inicio\/wp-json\/wp\/v2\/posts\/4105\/revisions\/4108"}],"wp:featuredmedia":[{"embeddable":true,"href":"https:\/\/congresogro.gob.mx\/63\/inicio\/wp-json\/wp\/v2\/media\/4107"}],"wp:attachment":[{"href":"https:\/\/congresogro.gob.mx\/63\/inicio\/wp-json\/wp\/v2\/media?parent=4105"}],"wp:term":[{"taxonomy":"category","embeddable":true,"href":"https:\/\/congresogro.gob.mx\/63\/inicio\/wp-json\/wp\/v2\/categories?post=4105"},{"taxonomy":"post_tag","embeddable":true,"href":"https:\/\/congresogro.gob.mx\/63\/inicio\/wp-json\/wp\/v2\/tags?post=4105"}],"curies":[{"name":"wp","href":"https:\/\/api.w.org\/{rel}","templated":true}]}}