{"id":4089,"date":"2022-07-05T08:38:40","date_gmt":"2022-07-05T13:38:40","guid":{"rendered":"https:\/\/congresogro.gob.mx\/63\/inicio\/?p=4089"},"modified":"2022-07-06T08:43:26","modified_gmt":"2022-07-06T13:43:26","slug":"desarrollan-taller-en-el-congreso-del-estado-sobre-legislacion-con-perspectiva-de-ninez-y-adolescencia","status":"publish","type":"post","link":"https:\/\/congresogro.gob.mx\/63\/inicio\/2022\/07\/05\/desarrollan-taller-en-el-congreso-del-estado-sobre-legislacion-con-perspectiva-de-ninez-y-adolescencia\/","title":{"rendered":"DESARROLLAN TALLER EN EL CONGRESO DEL ESTADO SOBRE  LEGISLACI\u00d3N CON PERSPECTIVA DE NI\u00d1EZ Y ADOLESCENCIA"},"content":{"rendered":"<p style=\"text-align: justify;\"><strong>Chilpancingo, Gro., a 05 de julio 2022<\/strong>.- Este martes en el Congreso del Estado se desarroll\u00f3 el taller \u201cLegislando con perspectiva de ni\u00f1ez y adolescencia\u201d, impartido por expertos de World Visi\u00f3n M\u00e9xico y dirigido a secretarios t\u00e9cnicos y asesores de distintas comisiones legislativas, con el prop\u00f3sito de brindarles actualizaci\u00f3n en torno a los mecanismos de protecci\u00f3n de este sector, a efecto de que incidan en los procesos legislativos sobre la materia.<\/p>\n<p style=\"text-align: justify;\">Al dar el mensaje de bienvenida, la diputada Beatriz Mojica Morga, presidenta de la Comisi\u00f3n de los Derechos de las Ni\u00f1as, Ni\u00f1as y Adolescentes, extern\u00f3 la importancia de la capacitaci\u00f3n porque la atenci\u00f3n a las ni\u00f1as, ni\u00f1os y adolescentes implica la participaci\u00f3n de los tres niveles de gobierno y donde el Poder Legislativo juega un papel fundamental, al ocuparse de la creaci\u00f3n de un marco jur\u00eddico que les permita desarrollarse a trav\u00e9s de la educaci\u00f3n, salud, alimentaci\u00f3n y el crecimiento econ\u00f3mico de las familias, garantizando sus derechos humanos y el acceso a la justicia.<\/p>\n<p><img loading=\"lazy\" decoding=\"async\" class=\"alignnone size-medium wp-image-4092\" src=\"https:\/\/congresogro.gob.mx\/63\/inicio\/wp-content\/uploads\/2022\/07\/TALLER-BOL-258-1-640x359.jpeg\" alt=\"\" width=\"640\" height=\"359\" srcset=\"https:\/\/congresogro.gob.mx\/63\/inicio\/wp-content\/uploads\/2022\/07\/TALLER-BOL-258-1-640x360.jpeg 640w, https:\/\/congresogro.gob.mx\/63\/inicio\/wp-content\/uploads\/2022\/07\/TALLER-BOL-258-1-768x431.jpeg 768w, https:\/\/congresogro.gob.mx\/63\/inicio\/wp-content\/uploads\/2022\/07\/TALLER-BOL-258-1-320x180.jpeg 320w, https:\/\/congresogro.gob.mx\/63\/inicio\/wp-content\/uploads\/2022\/07\/TALLER-BOL-258-1.jpeg 1280w\" sizes=\"auto, (max-width: 640px) 100vw, 640px\" \/><\/p>\n<p style=\"text-align: justify;\">Por eso, dijo que el Congreso del Estado tiene muchos retos, uno de ellos erradicar la violencia contras las ni\u00f1as, ni\u00f1os y adolescentes; eliminar la venta y trata infantil, los matrimonios forzados, la prostituci\u00f3n, entre otros problemas que s\u00f3lo ser\u00e1n eliminados a trav\u00e9s de pol\u00edticas p\u00fablicas m\u00e1s efectivas.<\/p>\n<p style=\"text-align: justify;\">Resalt\u00f3 que un importante avance es que desde el Congreso del Estado se logr\u00f3 etiquetar financiamiento econ\u00f3mico a la Procuradur\u00eda de las Ni\u00f1as y Ni\u00f1os, as\u00ed como al Sistema de Ni\u00f1as, Ni\u00f1os y Adolescentes, que les permita autonom\u00eda en las acciones que desarrollan a favor de la ni\u00f1ez guerrerense.<\/p>\n<p style=\"text-align: justify;\">En su oportunidad, la diputada Julieta Fern\u00e1ndez M\u00e1rquez, secretaria de la citada comisi\u00f3n, extern\u00f3 que pese a la creaci\u00f3n de leyes y reformas en favor de las y los ni\u00f1os, en el estado a\u00fan no se les garantizan sus derechos, ya que el 69 por ciento de ellos sufren alg\u00fan tipo de maltrato, mismo que en ocasiones es originado por sus familiares.<\/p>\n<p><img loading=\"lazy\" decoding=\"async\" class=\"alignnone size-medium wp-image-4093\" src=\"https:\/\/congresogro.gob.mx\/63\/inicio\/wp-content\/uploads\/2022\/07\/TALLER-BOL-258-2-640x359.jpeg\" alt=\"\" width=\"640\" height=\"359\" srcset=\"https:\/\/congresogro.gob.mx\/63\/inicio\/wp-content\/uploads\/2022\/07\/TALLER-BOL-258-2-640x360.jpeg 640w, https:\/\/congresogro.gob.mx\/63\/inicio\/wp-content\/uploads\/2022\/07\/TALLER-BOL-258-2-768x431.jpeg 768w, https:\/\/congresogro.gob.mx\/63\/inicio\/wp-content\/uploads\/2022\/07\/TALLER-BOL-258-2-320x180.jpeg 320w, https:\/\/congresogro.gob.mx\/63\/inicio\/wp-content\/uploads\/2022\/07\/TALLER-BOL-258-2.jpeg 1280w\" sizes=\"auto, (max-width: 640px) 100vw, 640px\" \/><\/p>\n<p style=\"text-align: justify;\">En cuanto a la trata de personas, indic\u00f3 que Guerrero se ubica en el primer lugar y en el quinto en pornograf\u00eda infantil, y todo esto pese a que se cuenta con procuradur\u00edas en cada uno de los municipios en el estado.<\/p>\n<p style=\"text-align: justify;\">La legisladora se congratul\u00f3 por la realizaci\u00f3n de esta capacitaci\u00f3n, por considerar que es una oportunidad para tener una visi\u00f3n diferente de la problem\u00e1tica, indicando que gracias a World Visi\u00f3n M\u00e9xico se podr\u00e1n atender temas legislativos que verdaderamente incidan para bien en la vida de las y ni\u00f1os del estado de Guerrero.<\/p>\n<p style=\"text-align: justify;\">Las ponencias impartidas fueron: Marco internacional y nacional sobre los derechos de las ni\u00f1as, ni\u00f1os y adolescentes; Rol del Poder Legislativo para la Protecci\u00f3n de las infancias; Elementos clave para una agenda legislativa en el estado de Guerrero en materia de la ni\u00f1ez y adolescencia; Sistema integral y subsistema de protecci\u00f3n especial, entre otros.<\/p>\n<p style=\"text-align: justify;\">Participaron tambi\u00e9n la secretaria ejecutiva del Sistema de Protecci\u00f3n Integral de las Ni\u00f1as, Ni\u00f1os y Adolescentes del Estado (SIPINNA), X\u00f3chitl Sosa Rumbo; el director de Incidencia Pol\u00edtica y Movilizaci\u00f3n World Visi\u00f3n M\u00e9xico, Tonatiuh Magos Rivera, y la regidora de Acapulco Judith Luna Nava.<\/p>\n","protected":false},"excerpt":{"rendered":"<p>Chilpancingo, Gro., a 05 de julio 2022.- Este martes en el Congreso del Estado se desarroll\u00f3 el taller \u201cLegislando con perspectiva de ni\u00f1ez y adolescencia\u201d, impartido por expertos de World Visi\u00f3n M\u00e9xico y dirigido a secretarios t\u00e9cnicos y asesores de distintas comisiones legislativas, con el prop\u00f3sito de brindarles actualizaci\u00f3n en torno a los mecanismos de&#8230;<\/p>\n","protected":false},"author":1,"featured_media":4091,"comment_status":"closed","ping_status":"open","sticky":false,"template":"","format":"standard","meta":{"_monsterinsights_skip_tracking":false,"_monsterinsights_sitenote_active":false,"_monsterinsights_sitenote_note":"","_monsterinsights_sitenote_category":0,"footnotes":""},"categories":[13,3,25],"tags":[],"class_list":["post-4089","post","type-post","status-publish","format-standard","has-post-thumbnail","hentry","category-beatriz-mojica-morga","category-boletin","category-julieta-fernandez-marquez"],"aioseo_notices":[],"_links":{"self":[{"href":"https:\/\/congresogro.gob.mx\/63\/inicio\/wp-json\/wp\/v2\/posts\/4089","targetHints":{"allow":["GET"]}}],"collection":[{"href":"https:\/\/congresogro.gob.mx\/63\/inicio\/wp-json\/wp\/v2\/posts"}],"about":[{"href":"https:\/\/congresogro.gob.mx\/63\/inicio\/wp-json\/wp\/v2\/types\/post"}],"author":[{"embeddable":true,"href":"https:\/\/congresogro.gob.mx\/63\/inicio\/wp-json\/wp\/v2\/users\/1"}],"replies":[{"embeddable":true,"href":"https:\/\/congresogro.gob.mx\/63\/inicio\/wp-json\/wp\/v2\/comments?post=4089"}],"version-history":[{"count":1,"href":"https:\/\/congresogro.gob.mx\/63\/inicio\/wp-json\/wp\/v2\/posts\/4089\/revisions"}],"predecessor-version":[{"id":4094,"href":"https:\/\/congresogro.gob.mx\/63\/inicio\/wp-json\/wp\/v2\/posts\/4089\/revisions\/4094"}],"wp:featuredmedia":[{"embeddable":true,"href":"https:\/\/congresogro.gob.mx\/63\/inicio\/wp-json\/wp\/v2\/media\/4091"}],"wp:attachment":[{"href":"https:\/\/congresogro.gob.mx\/63\/inicio\/wp-json\/wp\/v2\/media?parent=4089"}],"wp:term":[{"taxonomy":"category","embeddable":true,"href":"https:\/\/congresogro.gob.mx\/63\/inicio\/wp-json\/wp\/v2\/categories?post=4089"},{"taxonomy":"post_tag","embeddable":true,"href":"https:\/\/congresogro.gob.mx\/63\/inicio\/wp-json\/wp\/v2\/tags?post=4089"}],"curies":[{"name":"wp","href":"https:\/\/api.w.org\/{rel}","templated":true}]}}