{"id":4015,"date":"2022-06-29T09:00:41","date_gmt":"2022-06-29T14:00:41","guid":{"rendered":"https:\/\/congresogro.gob.mx\/63\/inicio\/?p=4015"},"modified":"2022-06-30T09:03:25","modified_gmt":"2022-06-30T14:03:25","slug":"aprueban-reformas-a-la-constitucion-local-para-proteger-a-los-menores-por-encima-de-los-usos-y-costumbres","status":"publish","type":"post","link":"https:\/\/congresogro.gob.mx\/63\/inicio\/2022\/06\/29\/aprueban-reformas-a-la-constitucion-local-para-proteger-a-los-menores-por-encima-de-los-usos-y-costumbres\/","title":{"rendered":"APRUEBAN REFORMAS A LA CONSTITUCI\u00d3N LOCAL PARA PROTEGER A LOS MENORES, POR ENCIMA DE LOS USOS Y COSTUMBRES"},"content":{"rendered":"<p style=\"text-align: justify;\"><strong>Chilpancingo, Gro., a 29 de junio 2022<\/strong>.- El Pleno de la LXIII Legislatura aprob\u00f3 reformas a la Constituci\u00f3n Pol\u00edtica local para garantizar la protecci\u00f3n del menor sobre cualquier uso y costumbre, obligando al Estado y la sociedad a velar por su desarrollo personal integral y a la adopci\u00f3n de medidas que su condici\u00f3n como persona exijan.<\/p>\n<p style=\"text-align: justify;\">Al fundamentar el dictamen derivado de una iniciativa de la diputada Susana Paola Ju\u00e1rez G\u00f3mez (PRD), el diputado Jacinto Gonz\u00e1lez Varona extern\u00f3 que despu\u00e9s del respectivo an\u00e1lisis, la Comisi\u00f3n de Estudios Constitucionales y Jur\u00eddicos concluy\u00f3 aprobarlo por no ser violatorio de derechos humanos ni contraponerse con los ordenamientos legales en la materia.<\/p>\n<p style=\"text-align: justify;\">Especific\u00f3 que la Convenci\u00f3n Sobre los Derechos del Ni\u00f1o establece que los Estados deben brindar garant\u00edas a este sector y procurar su derecho de expresar opiniones libres en todos los asuntos que les afecten; mientras que el art\u00edculo 19 de la\u00a0 citada Convenci\u00f3n, establece que los estados adoptar\u00e1n todas las medidas legislativas, administrativas, sociales y educativas para proteger al ni\u00f1o de todo tipo de violencia, malos tratos, explotaci\u00f3n, abuso sexual, entre otros, mientras se encuentren bajo la custodia de los padres o de alg\u00fan representante legal a su cargo.<\/p>\n<p style=\"text-align: justify;\">Tambi\u00e9n obliga a los Estados a que donde existan minor\u00edas \u00e9tnicas, religiosas, ling\u00fc\u00edsticas o personas de origen ind\u00edgena, se garantice al infante el tener su propia vida cultural, as\u00ed como profesar y practicar su propia religi\u00f3n o idioma.<\/p>\n<p style=\"text-align: justify;\">Respecto de la iniciativa, refiri\u00f3 aspectos b\u00e1sicos a considerar para el reconocimiento pleno de los derechos de las ni\u00f1as, ni\u00f1os y adolescentes dentro de la Constituci\u00f3n Pol\u00edtica del Estado Libre y Soberano de Guerrero, previendo que estos derechos no sean inferiores a los denominados \u201cusos y costumbres\u201d.<\/p>\n<p style=\"text-align: justify;\">En ese sentido, refiri\u00f3 que algunos pueblos originarios de nuestro estado se realizan malas pr\u00e1cticas que menoscaban los derechos de las ni\u00f1as, ni\u00f1os y adolescentes, y donde las ciudadanas y ciudadanos se cubren bajo la tutela de emplear los denominados usos y costumbres que la Carta Magna les reconoce, sin que las autoridades intervengan.<\/p>\n<p style=\"text-align: justify;\">Apunt\u00f3 por \u00faltimo que el consentimiento de quien deba unirse en matrimonio, siendo menor de edad, debe estar regulado por la autoridad y no puede dejarse a simple arbitrio de una comunidad o grupo de personas en particular.<\/p>\n<p style=\"text-align: justify;\">El dictamen fue aprobado por unanimidad del Pleno de la LXIII Legislatura en una primera sesi\u00f3n extraordinaria de este mi\u00e9rcoles.<\/p>\n<p style=\"text-align: justify;\">\n<p style=\"text-align: justify;\"><strong>Acuerdos y dict\u00e1menes\u00a0\u00a0\u00a0 <\/strong><\/p>\n<p style=\"text-align: justify;\">En la misma sesi\u00f3n, se aprobaron los dict\u00e1menes de reformas y adiciones a la Constituci\u00f3n Pol\u00edtica del Estado de Guerrero; de la Ley Org\u00e1nica del Poder Legislativo; de la Ley de Participaci\u00f3n Ciudadana del estado; por el que se emite juicio en contra de Manuel Bustamante Blas, regidor del Ayuntamiento de Teloloapan para que desempe\u00f1e funciones docentes y edilicias; y un exhorto a los titulares de la Secretar\u00eda de Educaci\u00f3n del Estado y de la Direcci\u00f3n General del Tecnol\u00f3gico Nacional de M\u00e9xico para que den soluci\u00f3n al conflicto interno del Instituto Tecnol\u00f3gico Superior de la Costa Chica.<\/p>\n<p style=\"text-align: justify;\">En una segunda sesi\u00f3n, las y los legisladores aprobaron un Punto de Acuerdo propuesto por la Junta de Coordinaci\u00f3n Pol\u00edtica para integrar la Comisi\u00f3n Especial encargada de expedir la Convocatoria y oportunamente dictaminar sobre las candidaturas que se presenten para elegir al recipiendario de la Presea \u201cSentimientos de la Naci\u00f3n\u201d.<\/p>\n<p style=\"text-align: justify;\">Tambi\u00e9n se aprob\u00f3 el dictamen por el que se acepta parcialmente la observaci\u00f3n total emitida por la titular del Ejecutivo del estado respecto al decreto n\u00famero 183 por el que se reforman y adicionan diversas disposiciones de la Ley n\u00famero 701 de Reconocimiento, Derechos y Cultura Ind\u00edgena del Estado de Guerrero, entre otros.<\/p>\n","protected":false},"excerpt":{"rendered":"<p>Chilpancingo, Gro., a 29 de junio 2022.- El Pleno de la LXIII Legislatura aprob\u00f3 reformas a la Constituci\u00f3n Pol\u00edtica local para garantizar la protecci\u00f3n del menor sobre cualquier uso y costumbre, obligando al Estado y la sociedad a velar por su desarrollo personal integral y a la adopci\u00f3n de medidas que su condici\u00f3n como persona&#8230;<\/p>\n","protected":false},"author":1,"featured_media":4017,"comment_status":"closed","ping_status":"open","sticky":false,"template":"","format":"standard","meta":{"_monsterinsights_skip_tracking":false,"_monsterinsights_sitenote_active":false,"_monsterinsights_sitenote_note":"","_monsterinsights_sitenote_category":0,"footnotes":""},"categories":[3,24,23],"tags":[],"class_list":["post-4015","post","type-post","status-publish","format-standard","has-post-thumbnail","hentry","category-boletin","category-jacinto-gonzalez","category-susana-paola-juarez-gomez"],"aioseo_notices":[],"_links":{"self":[{"href":"https:\/\/congresogro.gob.mx\/63\/inicio\/wp-json\/wp\/v2\/posts\/4015","targetHints":{"allow":["GET"]}}],"collection":[{"href":"https:\/\/congresogro.gob.mx\/63\/inicio\/wp-json\/wp\/v2\/posts"}],"about":[{"href":"https:\/\/congresogro.gob.mx\/63\/inicio\/wp-json\/wp\/v2\/types\/post"}],"author":[{"embeddable":true,"href":"https:\/\/congresogro.gob.mx\/63\/inicio\/wp-json\/wp\/v2\/users\/1"}],"replies":[{"embeddable":true,"href":"https:\/\/congresogro.gob.mx\/63\/inicio\/wp-json\/wp\/v2\/comments?post=4015"}],"version-history":[{"count":1,"href":"https:\/\/congresogro.gob.mx\/63\/inicio\/wp-json\/wp\/v2\/posts\/4015\/revisions"}],"predecessor-version":[{"id":4018,"href":"https:\/\/congresogro.gob.mx\/63\/inicio\/wp-json\/wp\/v2\/posts\/4015\/revisions\/4018"}],"wp:featuredmedia":[{"embeddable":true,"href":"https:\/\/congresogro.gob.mx\/63\/inicio\/wp-json\/wp\/v2\/media\/4017"}],"wp:attachment":[{"href":"https:\/\/congresogro.gob.mx\/63\/inicio\/wp-json\/wp\/v2\/media?parent=4015"}],"wp:term":[{"taxonomy":"category","embeddable":true,"href":"https:\/\/congresogro.gob.mx\/63\/inicio\/wp-json\/wp\/v2\/categories?post=4015"},{"taxonomy":"post_tag","embeddable":true,"href":"https:\/\/congresogro.gob.mx\/63\/inicio\/wp-json\/wp\/v2\/tags?post=4015"}],"curies":[{"name":"wp","href":"https:\/\/api.w.org\/{rel}","templated":true}]}}