{"id":4011,"date":"2022-06-29T08:58:59","date_gmt":"2022-06-29T13:58:59","guid":{"rendered":"https:\/\/congresogro.gob.mx\/63\/inicio\/?p=4011"},"modified":"2022-06-30T09:00:31","modified_gmt":"2022-06-30T14:00:31","slug":"plantean-reforma-a-ley-estatuto-de-los-trabajadores-del-estado-para-contemplar-los-procedimientos-judiciales-en-linea","status":"publish","type":"post","link":"https:\/\/congresogro.gob.mx\/63\/inicio\/2022\/06\/29\/plantean-reforma-a-ley-estatuto-de-los-trabajadores-del-estado-para-contemplar-los-procedimientos-judiciales-en-linea\/","title":{"rendered":"PLANTEAN REFORMA A LEY ESTATUTO DE LOS TRABAJADORES DEL ESTADO PARA CONTEMPLAR LOS PROCEDIMIENTOS JUDICIALES EN L\u00cdNEA"},"content":{"rendered":"<p style=\"text-align: justify;\"><strong>Chilpancingo, Gro., a 29 de junio de 2022.- <\/strong>La diputada Jennyfer Garc\u00eda Lucena present\u00f3 una iniciativa de adiciones a la Ley Estatuto de los Trabajadores al Servicio del Estado, de los Municipios y de los Organismos P\u00fablicos Coordinados y Descentralizados del Estado de Guerrero para contemplar los procedimientos judiciales en l\u00ednea, y con ello acercar al Tribunal Laboral a la ciudadan\u00eda.<\/p>\n<p style=\"text-align: justify;\">En su exposici\u00f3n de motivos, la legisladora de Morena refiri\u00f3 que el fen\u00f3meno de la globalizaci\u00f3n ha generado una serie de transformaciones econ\u00f3micas, sociales y pol\u00edticas de las cuales los mexicanos no somos la excepci\u00f3n, ante lo cual se reclama al Estado nuevas formas para acceder a la justicia.<\/p>\n<p style=\"text-align: justify;\">Es as\u00ed, abund\u00f3, que las instituciones impartidoras de justicia tienen el compromiso de modernizar el sistema jur\u00eddico, implementando los mecanismos que permitan enfrentar las nuevas demandas, con la finalidad de hacer m\u00e1s eficiente el servicio, ampliando su acceso, simplificando los procedimientos, reduciendo los costos y mejorando su calidad, sin dejar de respetar los derechos de los gobernados y de hacer cumplir la Ley.<\/p>\n<p style=\"text-align: justify;\">Garc\u00eda Lucena precis\u00f3 que actualmente el Poder Judicial de la Federaci\u00f3n tiene en operaci\u00f3n el Sistema de Justicia en L\u00ednea, cuyo objetivo primordial es implementar las tecnolog\u00edas de la informaci\u00f3n y de la comunicaci\u00f3n (TIC\u2019s) para la substanciaci\u00f3n de diversos procedimientos, dotando a los tribunales de las herramientas inform\u00e1ticas necesarias para formar los expedientes electr\u00f3nicos, sistematizar los datos jurisdiccionales e integrar en una sola plataforma la informaci\u00f3n estad\u00edstica con datos obtenidos en tiempo real.<\/p>\n<p style=\"text-align: justify;\">Indic\u00f3, adem\u00e1s, que esta herramienta ya se contempla en leyes como la de Amparo y Federal de Procedimiento Contencioso Administrativo, lo que coloca a M\u00e9xico a la vanguardia de los sistemas modernos de justicia, raz\u00f3n por la cual en Guerrero se deben cambiar las pol\u00edticas p\u00fablicas en la materia, consolidando una nueva etapa en la capacitaci\u00f3n y actualizaci\u00f3n de los juzgadores, as\u00ed como del personal a su cargo<\/p>\n<p style=\"text-align: justify;\">Finaliz\u00f3 diciendo que estas herramientas inform\u00e1ticas indispensables para el buen desempe\u00f1o, adem\u00e1s de un mayor aprovechamiento de los recursos p\u00fablicos, agilizar\u00e1n los tiempos en el tr\u00e1mite de los procedimientos y se remover\u00e1n obst\u00e1culos que puedan existir para que la ciudadan\u00eda tenga acceso a la justicia, optimizando su impartici\u00f3n, moderniz\u00e1ndola y haci\u00e9ndola accesible y expedita para todos y todas las guerrerenses.<\/p>\n<p style=\"text-align: justify;\">\n<p style=\"text-align: justify;\"><strong>Inicia<\/strong><strong>tivas <\/strong><\/p>\n<p style=\"text-align: justify;\">En la sesi\u00f3n de la Comisi\u00f3n Permanente de este mi\u00e9rcoles, el diputado <a href=\"https:\/\/www.facebook.com\/osbaldoriosmanrique?__cft__%5b0%5d=AZVqvq9Y2IgexHM10TOR92Mw1Oymq1Vgh_qsFOFzlADmdIa0BObyrhcmGlV4o0ErHMcq-BK8KSkgG7Uw6Q-wbJXi89dW6oj4u6nIDCAI7B4IFwGkkdXppYUCv_NN8MIgtkacCnmVKmSq8s5FnhwID4bf7tLGz-uVx7yfIlWt4Ug30g&amp;__tn__=-%5dK-R\">Osbaldo R\u00edos<\/a> Manrique (Morena) present\u00f3 una iniciativa de adici\u00f3n a la Ley de Instituciones y Procedimientos Electorales del Estado para que los partidos pol\u00edticos postulen en sus f\u00f3rmulas a diputaciones de mayor\u00eda relativa a aspirantes de origen ind\u00edgena o afromexicano en por lo menos la mitad de los distritos en los que estos sectores sean igual o mayor al 40 por ciento del total de la poblaci\u00f3n.<\/p>\n<p style=\"text-align: justify;\">Asimismo, la Mesa Directiva dio lectura de un oficio signado por el diputado Antonio Helguera Jim\u00e9nez por el que remite iniciativa de reforma a la Ley Org\u00e1nica del Poder Legislativo, en busca de que se otorguen becas y apoyos econ\u00f3micos a trabajadores del Congreso del Estado, con los que puedan cursar estudios en instituciones educativas p\u00fablicas y\/o privadas, que contribuya a eficientar los procesos legislativos.<\/p>\n<p style=\"text-align: justify;\">\n<p style=\"text-align: justify;\"><strong>Intervenciones<\/strong><\/p>\n<p style=\"text-align: justify;\">La diputada Jessica Alejo Rayo conden\u00f3 los hechos de violencia y abusos contra las mujeres en todas sus expresiones, como fue el caso de Lourdes Ojeda Serrano, v\u00edctima de hostigamiento sexual agravado y tratos degradantes por parte del ex docente de la UNAM, Ra\u00fal Eduardo L\u00f3pez Betancourt, mismo que fue destituido como decano del Consejo T\u00e9cnico y presidente del Tribunal Universitario, debido a la denuncia.<\/p>\n<p style=\"text-align: justify;\">La legisladora hizo un llamado a sus hom\u00f3logos para reflexionar y ser congruentes suspendiendo o, en su caso, retirar a esta persona la \u201cPresea Sentimientos de la Naci\u00f3n\u201d que le fue otorgada en el a\u00f1o 2021, por no cumplir con los ideales plasmados por el General\u00edsimo Jos\u00e9 Mar\u00eda Morelos y Pav\u00f3n.<\/p>\n","protected":false},"excerpt":{"rendered":"<p>Chilpancingo, Gro., a 29 de junio de 2022.- La diputada Jennyfer Garc\u00eda Lucena present\u00f3 una iniciativa de adiciones a la Ley Estatuto de los Trabajadores al Servicio del Estado, de los Municipios y de los Organismos P\u00fablicos Coordinados y Descentralizados del Estado de Guerrero para contemplar los procedimientos judiciales en l\u00ednea, y con ello acercar&#8230;<\/p>\n","protected":false},"author":1,"featured_media":4013,"comment_status":"closed","ping_status":"open","sticky":false,"template":"","format":"standard","meta":{"_monsterinsights_skip_tracking":false,"_monsterinsights_sitenote_active":false,"_monsterinsights_sitenote_note":"","_monsterinsights_sitenote_category":0,"footnotes":""},"categories":[3,35],"tags":[],"class_list":["post-4011","post","type-post","status-publish","format-standard","has-post-thumbnail","hentry","category-boletin","category-jennyfer-garcia-lucena"],"aioseo_notices":[],"_links":{"self":[{"href":"https:\/\/congresogro.gob.mx\/63\/inicio\/wp-json\/wp\/v2\/posts\/4011","targetHints":{"allow":["GET"]}}],"collection":[{"href":"https:\/\/congresogro.gob.mx\/63\/inicio\/wp-json\/wp\/v2\/posts"}],"about":[{"href":"https:\/\/congresogro.gob.mx\/63\/inicio\/wp-json\/wp\/v2\/types\/post"}],"author":[{"embeddable":true,"href":"https:\/\/congresogro.gob.mx\/63\/inicio\/wp-json\/wp\/v2\/users\/1"}],"replies":[{"embeddable":true,"href":"https:\/\/congresogro.gob.mx\/63\/inicio\/wp-json\/wp\/v2\/comments?post=4011"}],"version-history":[{"count":1,"href":"https:\/\/congresogro.gob.mx\/63\/inicio\/wp-json\/wp\/v2\/posts\/4011\/revisions"}],"predecessor-version":[{"id":4014,"href":"https:\/\/congresogro.gob.mx\/63\/inicio\/wp-json\/wp\/v2\/posts\/4011\/revisions\/4014"}],"wp:featuredmedia":[{"embeddable":true,"href":"https:\/\/congresogro.gob.mx\/63\/inicio\/wp-json\/wp\/v2\/media\/4013"}],"wp:attachment":[{"href":"https:\/\/congresogro.gob.mx\/63\/inicio\/wp-json\/wp\/v2\/media?parent=4011"}],"wp:term":[{"taxonomy":"category","embeddable":true,"href":"https:\/\/congresogro.gob.mx\/63\/inicio\/wp-json\/wp\/v2\/categories?post=4011"},{"taxonomy":"post_tag","embeddable":true,"href":"https:\/\/congresogro.gob.mx\/63\/inicio\/wp-json\/wp\/v2\/tags?post=4011"}],"curies":[{"name":"wp","href":"https:\/\/api.w.org\/{rel}","templated":true}]}}