{"id":3949,"date":"2022-06-21T08:13:49","date_gmt":"2022-06-21T13:13:49","guid":{"rendered":"https:\/\/congresogro.gob.mx\/63\/inicio\/?p=3949"},"modified":"2022-06-22T08:17:30","modified_gmt":"2022-06-22T13:17:30","slug":"el-congreso-del-estado-se-adhirio-al-acuerdo-del-congreso-de-la-union-para-legislar-en-favor-de-las-lenguas-originarias","status":"publish","type":"post","link":"https:\/\/congresogro.gob.mx\/63\/inicio\/2022\/06\/21\/el-congreso-del-estado-se-adhirio-al-acuerdo-del-congreso-de-la-union-para-legislar-en-favor-de-las-lenguas-originarias\/","title":{"rendered":"EL CONGRESO DEL ESTADO SE ADHIRI\u00d3 AL ACUERDO DEL CONGRESO DE LA UNI\u00d3N PARA LEGISLAR EN FAVOR DE LAS LENGUAS ORIGINARIAS"},"content":{"rendered":"<p style=\"text-align: justify;\"><strong>Chilpancingo, Gro., a 21 de junio de 2022.- <\/strong>El Congreso del Estado se adhiri\u00f3 al acuerdo emitido por la C\u00e1mara de Diputados del Congreso de la Uni\u00f3n para legislar en favor del uso de las lenguas ind\u00edgenas, considerando el fomento y preservaci\u00f3n de las mismas a trav\u00e9s de la producci\u00f3n art\u00edstica, especialmente literaria.<\/p>\n<p style=\"text-align: justify;\">De acuerdo con el dictamen emitido por la Comisi\u00f3n de Asuntos Ind\u00edgenas y Afromexicanos, mismo que fue fundamentado por la diputada Leticia Mosso Hern\u00e1ndez, se establece que hablar de las lenguas ind\u00edgenas y su desarrollo en el estado es hacer \u00e9nfasis en sus cuatro pueblos originarios: Nah\u00faatl (Nahua), Tu\u2019un savi (Mixteco), Me\u00b4phaa (Tlapaneco) y Nn&#8217;anncue \u00f1omndaa (Amuzgo).<\/p>\n<p style=\"text-align: justify;\">Asegur\u00f3 que la entidad posee una gran riqueza y diversidad cultural cimentada en el patrimonio tangible e intangible de sus cuatro pueblos ind\u00edgenas y el afromexicano, quienes en conjunto hacen que Guerrero sustente una identidad multi\u00e9tnica, pluriling\u00fc\u00edstica y pluricultural; sin embargo, a pesar de que las poblaciones interact\u00faan y se relacionan de manera cotidiana, la relaci\u00f3n sigue siendo desigual, pues es la visi\u00f3n mestiza la que se impone en los \u00e1mbitos econ\u00f3micos, educativo, religioso, pol\u00edtico, de impartici\u00f3n de justicia, de desarrollo social y otros.<\/p>\n<p style=\"text-align: justify;\">Mosso Hern\u00e1ndez refiri\u00f3 que seg\u00fan cifras del Instituto Nacional de Estad\u00edstica y Geograf\u00eda, en M\u00e9xico poco m\u00e1s de siete millones de personas mayores de tres a\u00f1os hablan una lengua ind\u00edgena, lo que representa un seis por ciento de la poblaci\u00f3n total; mientras que en Guerrero hay 515,487 personas mayores de 3 a\u00f1os de edad que hablan alguna lengua ind\u00edgena, lo que representa el 18 por ciento del total de la poblaci\u00f3n.<\/p>\n<p style=\"text-align: justify;\">Asimismo, expuso que en 200 a\u00f1os, desde 1800 a la actualidad, la poblaci\u00f3n hablante de lengua ind\u00edgena se ha reducido a un 65 por ciento, hecho por el cual se puede se\u00f1alar que hoy d\u00eda todas las lenguas ind\u00edgenas est\u00e1n amenazadas y en riesgo de desaparici\u00f3n, y poco m\u00e1s de la mitad se encuentra en alto y muy alto riesgo de extinci\u00f3n.<\/p>\n<p style=\"text-align: justify;\">\u201cAtribuimos la p\u00e9rdida de estas lenguas a acciones de discriminaci\u00f3n y pol\u00edticas p\u00fablicas de exclusi\u00f3n hacia los pueblos ind\u00edgenas y afromexicanos; subordinaci\u00f3n de las lenguas y culturas originarias bajo el poder y prestigio de la lengua castellana y la cultura de occidente, porque el espa\u00f1ol, al hacer el papel de lengua oficial, se convierte en la lengua de administraci\u00f3n, comercializaci\u00f3n, impartici\u00f3n y procuraci\u00f3n de justicia\u201d, abund\u00f3.<\/p>\n<p style=\"text-align: justify;\">En ese sentido, indic\u00f3 que las lenguas ind\u00edgenas constituyen sistemas de pensamiento, de valores y conocimientos, y que con esta perspectiva es importante la preservaci\u00f3n de la esencia del patrimonio cultural.<\/p>\n<p style=\"text-align: justify;\">\u201cPorque cuando muere una lengua, entonces se cierra a todos los pueblos del mundo una ventana, una puerta, un asomarse de modo distinto a cuanto es ser y vida en la tierra. De ello la importancia de legislar para fomentar su preservaci\u00f3n en las generaciones futuras\u201d, apunt\u00f3.<\/p>\n","protected":false},"excerpt":{"rendered":"<p>Chilpancingo, Gro., a 21 de junio de 2022.- El Congreso del Estado se adhiri\u00f3 al acuerdo emitido por la C\u00e1mara de Diputados del Congreso de la Uni\u00f3n para legislar en favor del uso de las lenguas ind\u00edgenas, considerando el fomento y preservaci\u00f3n de las mismas a trav\u00e9s de la producci\u00f3n art\u00edstica, especialmente literaria. De acuerdo&#8230;<\/p>\n","protected":false},"author":1,"featured_media":3951,"comment_status":"closed","ping_status":"open","sticky":false,"template":"","format":"standard","meta":{"_monsterinsights_skip_tracking":false,"_monsterinsights_sitenote_active":false,"_monsterinsights_sitenote_note":"","_monsterinsights_sitenote_category":0,"footnotes":""},"categories":[3,30],"tags":[],"class_list":["post-3949","post","type-post","status-publish","format-standard","has-post-thumbnail","hentry","category-boletin","category-leticia-mosso-hernandez"],"aioseo_notices":[],"_links":{"self":[{"href":"https:\/\/congresogro.gob.mx\/63\/inicio\/wp-json\/wp\/v2\/posts\/3949","targetHints":{"allow":["GET"]}}],"collection":[{"href":"https:\/\/congresogro.gob.mx\/63\/inicio\/wp-json\/wp\/v2\/posts"}],"about":[{"href":"https:\/\/congresogro.gob.mx\/63\/inicio\/wp-json\/wp\/v2\/types\/post"}],"author":[{"embeddable":true,"href":"https:\/\/congresogro.gob.mx\/63\/inicio\/wp-json\/wp\/v2\/users\/1"}],"replies":[{"embeddable":true,"href":"https:\/\/congresogro.gob.mx\/63\/inicio\/wp-json\/wp\/v2\/comments?post=3949"}],"version-history":[{"count":2,"href":"https:\/\/congresogro.gob.mx\/63\/inicio\/wp-json\/wp\/v2\/posts\/3949\/revisions"}],"predecessor-version":[{"id":3953,"href":"https:\/\/congresogro.gob.mx\/63\/inicio\/wp-json\/wp\/v2\/posts\/3949\/revisions\/3953"}],"wp:featuredmedia":[{"embeddable":true,"href":"https:\/\/congresogro.gob.mx\/63\/inicio\/wp-json\/wp\/v2\/media\/3951"}],"wp:attachment":[{"href":"https:\/\/congresogro.gob.mx\/63\/inicio\/wp-json\/wp\/v2\/media?parent=3949"}],"wp:term":[{"taxonomy":"category","embeddable":true,"href":"https:\/\/congresogro.gob.mx\/63\/inicio\/wp-json\/wp\/v2\/categories?post=3949"},{"taxonomy":"post_tag","embeddable":true,"href":"https:\/\/congresogro.gob.mx\/63\/inicio\/wp-json\/wp\/v2\/tags?post=3949"}],"curies":[{"name":"wp","href":"https:\/\/api.w.org\/{rel}","templated":true}]}}