{"id":3932,"date":"2022-06-20T08:22:38","date_gmt":"2022-06-20T13:22:38","guid":{"rendered":"https:\/\/congresogro.gob.mx\/63\/inicio\/?p=3932"},"modified":"2022-06-21T08:23:56","modified_gmt":"2022-06-21T13:23:56","slug":"plantean-inscribir-el-nombre-de-lucio-cabanas-en-el-muro-de-honor-del-salon-de-sesiones-del-congreso-del-estado","status":"publish","type":"post","link":"https:\/\/congresogro.gob.mx\/63\/inicio\/2022\/06\/20\/plantean-inscribir-el-nombre-de-lucio-cabanas-en-el-muro-de-honor-del-salon-de-sesiones-del-congreso-del-estado\/","title":{"rendered":"PLANTEAN INSCRIBIR EL NOMBRE DE LUCIO CABA\u00d1AS EN EL MURO DE HONOR DEL SAL\u00d3N DE SESIONES DEL CONGRESO DEL ESTADO"},"content":{"rendered":"<p style=\"margin: 12pt 0cm 6pt; text-align: justify;\"><b><span style=\"font-size: 14.0pt; font-family: 'Century Gothic',sans-serif;\">Chilpancingo, Gro., a 20 de junio de 2022.- <\/span><\/b><span style=\"font-size: 14.0pt; font-family: 'Century Gothic',sans-serif;\">Por su papel en la lucha social y significativa contribuci\u00f3n al desarrollo pol\u00edtico de Guerrero, el diputado Marco Tulio S\u00e1nchez Alarc\u00f3n propuso inscribir con letras doradas el nombre de \u201cLucio Caba\u00f1as Barrientos\u201d en el Muro de Honor del Sal\u00f3n de Sesiones \u201cPrimer Congreso de An\u00e1huac\u201d, de este Congreso. <\/span><\/p>\n<p style=\"margin: 12pt 0cm 6pt; text-align: justify;\"><span style=\"font-size: 14.0pt; font-family: 'Century Gothic',sans-serif;\">Al presentar dicha propuesta, el legislador refiri\u00f3 que Lucio Caba\u00f1as Barrientos fue un luchador social de origen campesino, nacido el 12 de diciembre de 1938 en la comunidad de El Porvenir, del municipio de Atoyac, y quien desde muy peque\u00f1o tuvo que enfrentar la pobreza y la marginaci\u00f3n en carne propia.<\/span><\/p>\n<p style=\"margin: 12pt 0cm 6pt; text-align: justify;\"><span style=\"font-size: 14.0pt; font-family: 'Century Gothic',sans-serif;\">Abund\u00f3 en que Caba\u00f1as Barrientos estudi\u00f3 la Normal Rural \u201cRa\u00fal Isidro Burgos\u201d de Ayotzinapa, donde inici\u00f3 su vida pol\u00edtica estudiantil siendo secretario general de la Federaci\u00f3n de Estudiantes Campesinos Socialistas de M\u00e9xico, y desde donde evidenci\u00f3 los problemas de las normales, como la falta de infraestructura educativa, deficiencia de los servicios, mala alimentaci\u00f3n y falta de servicios m\u00e9dicos, entre otros.<\/span><\/p>\n<p style=\"margin: 12pt 0cm 6pt; text-align: justify;\"><span style=\"font-size: 14.0pt; font-family: 'Century Gothic',sans-serif;\">Agreg\u00f3 que al egresar de la Normal, Lucio Caba\u00f1as fue designado profesor de Educaci\u00f3n Primaria en el poblado de Mexcaltepec, en la sierra de Atoyac, donde tambi\u00e9n particip\u00f3 de manera muy activa en movilizaciones convocadas por ejidatarios que se enfrentaban a compa\u00f1\u00edas madereras que no cumpl\u00edan con los contratos firmados, como era la apertura de brechas a cambio de la explotaci\u00f3n de los \u00e1rboles, hecho que le ocasion\u00f3 conflictos con las autoridades educativas, siendo reubicado en otra escuela del estado y posteriormente trasladado al estado de Durango, donde intervino en el gran movimiento de lucha en contra de que el hierro extra\u00eddo saliera del estado, motivo por el cual fue regresado a Guerrero, para participar aqu\u00ed en la lucha contra el entonces gobernador Ra\u00fal Caballero Aburto, quien con un sello autoritario da\u00f1\u00f3 de manera dram\u00e1tica la situaci\u00f3n econ\u00f3mica de los guerrerenses.<\/span><\/p>\n<p style=\"margin: 12pt 0cm 6pt; text-align: justify;\"><span style=\"font-size: 14.0pt; font-family: 'Century Gothic',sans-serif;\">El legislador narr\u00f3 tambi\u00e9n que, en 1967, el Comit\u00e9 de Lucha de la escuela estatal Juan \u00c1lvarez, organizado por Lucio Caba\u00f1as, solicit\u00f3 apoyo de los profesores de la escuela Modesto Alarc\u00f3n, la Central Campesina Independiente, el Club de J\u00f3venes Democr\u00e1ticos de Atoyac y de estudiantes de la Universidad Aut\u00f3noma de Guerrero, movimiento que fue escalando de manera inimaginable, generando tensiones con el entonces procurador General de Justicia y el director de Educaci\u00f3n.<\/span><\/p>\n<p style=\"margin: 12pt 0cm 6pt; text-align: justify;\"><span style=\"font-size: 14.0pt; font-family: 'Century Gothic',sans-serif;\">Derivado de ello, durante un mitin en la Plaza C\u00edvica, mientras Lucio Caba\u00f1as daba un discurso en el que criticaba a la polic\u00eda, al gobernador y a las autoridades educativas por la intimidaci\u00f3n que estaban ejerciendo a los miembros del movimiento democr\u00e1tico, el comandante de la Polic\u00eda del Estado, de manera violenta, trat\u00f3 de arrebatarle el micr\u00f3fono, iniciando una reyerta y el tiroteo de la Polic\u00eda Judicial, dejando como saldo 11 personas muertas y varios heridos.<\/span><\/p>\n<p style=\"margin: 12pt 0cm 6pt; text-align: justify;\"><span style=\"font-size: 14.0pt; font-family: 'Century Gothic',sans-serif;\">\u201cEse acontecimiento dio inicio a la lucha armada de Lucio Caba\u00f1as y a la creaci\u00f3n paulatina del Partido de los Pobres y de la Brigada Campesina de Ajusticiamiento. Al ver que por la v\u00eda civil y pac\u00edfica las autoridades no atender\u00edan las injusticias sociales, Caba\u00f1as se vio obligado a enfrentarlas por la v\u00eda armada, y junto a cientos de campesinos tomaron las armas para iniciar el ideario pol\u00edtico de pobrismo, el cual lleg\u00f3 a su fin con su muerte durante un enfrentamiento con fuerzas militares en el Otatal, el 2 de diciembre de 1974\u201d, apunt\u00f3 Marco Tulio S\u00e1nchez.<\/span><\/p>\n<p style=\"margin: 12pt 0cm 6pt; text-align: justify;\"><span style=\"font-size: 14.0pt; font-family: 'Century Gothic',sans-serif;\">Por todo ello, el legislador considera importante retomar los ideales de Lucio Caba\u00f1as que han trascendido a trav\u00e9s del tiempo, sobre todo en los inconformes con el sistema pol\u00edtico que relega a los pobres, ya que fue un hombre que contribuy\u00f3 significativamente al desarrollo pol\u00edtico y social del estado.<\/span><\/p>\n<p style=\"margin: 12pt 0cm 6pt; text-align: justify;\"><span style=\"font-size: 14.0pt; font-family: 'Century Gothic',sans-serif;\">La propuesta fue turnada a la Junta de Coordinaci\u00f3n Pol\u00edtica para su an\u00e1lisis y dictaminaci\u00f3n correspondiente.<\/span><\/p>\n","protected":false},"excerpt":{"rendered":"<p>Chilpancingo, Gro., a 20 de junio de 2022.- Por su papel en la lucha social y significativa contribuci\u00f3n al desarrollo pol\u00edtico de Guerrero, el diputado Marco Tulio S\u00e1nchez Alarc\u00f3n propuso inscribir con letras doradas el nombre de \u201cLucio Caba\u00f1as Barrientos\u201d en el Muro de Honor del Sal\u00f3n de Sesiones \u201cPrimer Congreso de An\u00e1huac\u201d, de este&#8230;<\/p>\n","protected":false},"author":1,"featured_media":3934,"comment_status":"closed","ping_status":"open","sticky":false,"template":"","format":"standard","meta":{"_monsterinsights_skip_tracking":false,"_monsterinsights_sitenote_active":false,"_monsterinsights_sitenote_note":"","_monsterinsights_sitenote_category":0,"footnotes":""},"categories":[3,51],"tags":[],"class_list":["post-3932","post","type-post","status-publish","format-standard","has-post-thumbnail","hentry","category-boletin","category-marco-tulio-sanchez"],"aioseo_notices":[],"_links":{"self":[{"href":"https:\/\/congresogro.gob.mx\/63\/inicio\/wp-json\/wp\/v2\/posts\/3932","targetHints":{"allow":["GET"]}}],"collection":[{"href":"https:\/\/congresogro.gob.mx\/63\/inicio\/wp-json\/wp\/v2\/posts"}],"about":[{"href":"https:\/\/congresogro.gob.mx\/63\/inicio\/wp-json\/wp\/v2\/types\/post"}],"author":[{"embeddable":true,"href":"https:\/\/congresogro.gob.mx\/63\/inicio\/wp-json\/wp\/v2\/users\/1"}],"replies":[{"embeddable":true,"href":"https:\/\/congresogro.gob.mx\/63\/inicio\/wp-json\/wp\/v2\/comments?post=3932"}],"version-history":[{"count":1,"href":"https:\/\/congresogro.gob.mx\/63\/inicio\/wp-json\/wp\/v2\/posts\/3932\/revisions"}],"predecessor-version":[{"id":3935,"href":"https:\/\/congresogro.gob.mx\/63\/inicio\/wp-json\/wp\/v2\/posts\/3932\/revisions\/3935"}],"wp:featuredmedia":[{"embeddable":true,"href":"https:\/\/congresogro.gob.mx\/63\/inicio\/wp-json\/wp\/v2\/media\/3934"}],"wp:attachment":[{"href":"https:\/\/congresogro.gob.mx\/63\/inicio\/wp-json\/wp\/v2\/media?parent=3932"}],"wp:term":[{"taxonomy":"category","embeddable":true,"href":"https:\/\/congresogro.gob.mx\/63\/inicio\/wp-json\/wp\/v2\/categories?post=3932"},{"taxonomy":"post_tag","embeddable":true,"href":"https:\/\/congresogro.gob.mx\/63\/inicio\/wp-json\/wp\/v2\/tags?post=3932"}],"curies":[{"name":"wp","href":"https:\/\/api.w.org\/{rel}","templated":true}]}}