{"id":3883,"date":"2022-06-15T09:01:43","date_gmt":"2022-06-15T14:01:43","guid":{"rendered":"https:\/\/congresogro.gob.mx\/63\/inicio\/?p=3883"},"modified":"2022-06-16T09:03:11","modified_gmt":"2022-06-16T14:03:11","slug":"proponen-ley-para-la-atencion-inclusion-y-proteccion-de-las-personas-autistas","status":"publish","type":"post","link":"https:\/\/congresogro.gob.mx\/63\/inicio\/2022\/06\/15\/proponen-ley-para-la-atencion-inclusion-y-proteccion-de-las-personas-autistas\/","title":{"rendered":"PROPONEN LEY PARA LA ATENCI\u00d3N, INCLUSI\u00d3N  Y PROTECCI\u00d3N DE LAS PERSONAS AUTISTAS"},"content":{"rendered":"<p style=\"text-align: justify;\"><strong>Chilpancingo, Gro., 15 de junio de 2022.\u2013<\/strong> Con el objeto de reconocer, promover y garantizar su plena integraci\u00f3n e inclusi\u00f3n en la sociedad, el diputado H\u00e9ctor Apreza Patr\u00f3n propuso una iniciativa de Ley para la Atenci\u00f3n, Inclusi\u00f3n y Protecci\u00f3n de Personas con la Condici\u00f3n del Espectro Autista del Estado de Guerrero.<\/p>\n<p style=\"text-align: justify;\">Al presentar dicha iniciativa a nombre del Grupo Parlamentario del PRI (GPPRI), el legislador expuso que este ordenamiento es indispensable para armonizar el marco jur\u00eddico local con la Ley General aprobada en el 2011, a efecto de coadyuvar con el libre desarrollo de la personalidad no s\u00f3lo de los infantes, sino de las personas adultas con este padecimiento.<\/p>\n<p style=\"text-align: justify;\">A\u00f1adi\u00f3 que el autismo es una condici\u00f3n que afecta a miles de guerrerenses y mexicanos, y se define como el conjunto de trastornos complejos del desarrollo neurol\u00f3gico, caracterizado por dificultades en las relaciones sociales, alteraci\u00f3n en la capacidad de comunicaci\u00f3n, patrones de conducta estereotipada, restringida y repetitiva, lo cual se presenta desde la ni\u00f1ez y dura toda la vida.<\/p>\n<p style=\"text-align: justify;\">Abund\u00f3 que esta condici\u00f3n influye en c\u00f3mo una persona se comporta, interact\u00faa con otros, c\u00f3mo aprende y c\u00f3mo se comunica, y sus s\u00edntomas pueden oscilar desde leves hasta muy severos, pudiendo presentarse en cualquier grupo racial, \u00e9tnico y social.<\/p>\n<p style=\"text-align: justify;\">En ese sentido, el tambi\u00e9n coordinador del GPPRI dijo que es indispensable que, haciendo eco de la reforma constitucional federal, en esta entidad se haga realidad lo que se\u00f1ala el art\u00edculo 1\u00ba de la Constituci\u00f3n Pol\u00edtica, de que es obligaci\u00f3n del Estado no s\u00f3lo promover la cultura de los derechos humanos, sino tambi\u00e9n de protegerlos.<\/p>\n<p style=\"text-align: justify;\">Dicha iniciativa se turn\u00f3 a la Comisi\u00f3n de Salud para su an\u00e1lisis, discusi\u00f3n y emisi\u00f3n del dictamen correspondiente.<\/p>\n<p style=\"text-align: justify;\">\n<p style=\"text-align: justify;\"><strong>Iniciativas <\/strong><\/p>\n<p style=\"text-align: justify;\">\n<p style=\"text-align: justify;\">La diputada Leticia Mosso Hern\u00e1ndez present\u00f3 una iniciativa de reforma a la Ley de Acceso de las Mujeres a una Vida Libre de Violencia del Estado de Guerrero, para que las Comisiones Legislativas Para la Igualdad de G\u00e9nero, de Derechos Humanos, Asuntos Ind\u00edgenas y Afromexicanos y de los Derechos de las Ni\u00f1as, Ni\u00f1os y Adolescentes, por sus enfoques interseccionales, formen parte del Sistema Estatal para Prevenir, Atender, Sancionar y Erradicar la Violencia Contra las Mujeres.<\/p>\n<p style=\"text-align: justify;\">A la Comisi\u00f3n para la Igualdad de G\u00e9nero se turn\u00f3 una iniciativa presentada por la diputada Ang\u00e9lica Espinoza Garc\u00eda, a la Ley para el Acceso de las Mujeres a una Vida Libre de Violencia del Estado de Guerrero, a efecto de incorporar la \u00abviolencia digital y medi\u00e1tica\u00bb, como un tipo de violencia hacia este sector y contribuir con la erradicaci\u00f3n de todas las formas de violencia que las afectan.<\/p>\n<p style=\"text-align: justify;\">La diputada Julieta Fern\u00e1ndez M\u00e1rquez present\u00f3 una iniciativa de reforma a la Ley Org\u00e1nica del Municipio Libre del Estado, para que los municipios de Santa Cruz del Rinc\u00f3n, San Nicol\u00e1s, \u00d1uu Savi y Las Vigas que recientemente fueron incorporados en el Art. 27 de la Constituci\u00f3n Pol\u00edtica del Estado, se adicionen tambi\u00e9n al Art. 9 de la Ley Org\u00e1nica del Municipio Libre del Estado de Guerrero, para que dichos municipios establezcan sus bases normativas, bandos, reglamentos y ordenanzas, que les d\u00e9 personalidad jur\u00eddica y patrimonio propio una vez que se conformen sus respectivos ayuntamientos instituyentes, en beneficio de la comunidad.<\/p>\n<p style=\"text-align: justify;\">El diputado Joaqu\u00edn Badillo Escamilla present\u00f3 una iniciativa de adici\u00f3n a la Ley del Registro Civil del Estado para establecer que el formato del Registro Civil impreso en papel especial y con los niveles de seguridad requeridos para la expedici\u00f3n de actas certificadas de nacimiento, es un documento \u00fanico con pleno valor, por lo que no perder\u00e1 vigencia y ninguna autoridad, instituci\u00f3n p\u00fablica ni privada podr\u00e1 condicionar la actualizaci\u00f3n de dicho formato.<\/p>\n<p style=\"text-align: justify;\">El diputado Raymundo Garc\u00eda Guti\u00e9rrez\u00a0 present\u00f3 una iniciativa por la que se modifican y adicionan diversas disposiciones de la Ley Estatuto de los Trabajadores al Servicio del Estado, de los Municipios y de los Organismos P\u00fablicos Coordinados y Descentralizados, para que la aplicaci\u00f3n de multas sea con base a la Unidad de Medida y Actualizaci\u00f3n y con cargo a los administraciones municipales, no a los representantes legales o s\u00edndicos; y para que se destine una partida presupuestal de por lo menos el tres por ciento de los ingresos autorizados por el Congreso del Estado para el cumplimiento del pago de indemnizaciones a trabajadores, conforme a la prelaci\u00f3n que corresponda.<\/p>\n<p style=\"text-align: justify;\">La diputada Yanelly Hern\u00e1ndez Mart\u00ednez present\u00f3 una iniciativa de adiciones a la Ley Org\u00e1nica del Municipio Libre del Estado para incorporar el ramo de Vivienda dentro del \u00e1mbito de vigilancia que ejercen los regidores, y asimismo plantear las facultades y obligaciones de los ayuntamientos en esta materia. Turnada a la Comisi\u00f3n de Asuntos Pol\u00edticos y Gobernaci\u00f3n.<\/p>\n<p style=\"text-align: justify;\">El diputado Marco Tulio S\u00e1nchez Alarc\u00f3n present\u00f3 una iniciativa para inscribir con letras doradas el nombre de \u201cLucio Caba\u00f1as Barrientos\u201d en el Muro de Honor del Sal\u00f3n de Sesiones \u201cPrimer Congreso de An\u00e1huac\u201d de este Congreso, por su papel en la lucha social y significativa contribuci\u00f3n al desarrollo pol\u00edtico del estado de Guerrero.<\/p>\n<p style=\"text-align: justify;\">El diputado Jacinto Gonz\u00e1lez Varona, a nombre tambi\u00e9n de la diputada Yoloczin Dom\u00ednguez Serna, present\u00f3 una iniciativa de reformas al C\u00f3digo Civil del Estado y al C\u00f3digo Procesal Civil del Estado con el objeto de que se reconozca jur\u00eddicamente el matrimonio y concubinato para todas las personas, sin discriminaci\u00f3n alguna. Turnada a las comisiones unidas de Salud y Justicia.<\/p>\n","protected":false},"excerpt":{"rendered":"<p>Chilpancingo, Gro., 15 de junio de 2022.\u2013 Con el objeto de reconocer, promover y garantizar su plena integraci\u00f3n e inclusi\u00f3n en la sociedad, el diputado H\u00e9ctor Apreza Patr\u00f3n propuso una iniciativa de Ley para la Atenci\u00f3n, Inclusi\u00f3n y Protecci\u00f3n de Personas con la Condici\u00f3n del Espectro Autista del Estado de Guerrero. Al presentar dicha iniciativa&#8230;<\/p>\n","protected":false},"author":1,"featured_media":3885,"comment_status":"closed","ping_status":"open","sticky":false,"template":"","format":"standard","meta":{"_monsterinsights_skip_tracking":false,"_monsterinsights_sitenote_active":false,"_monsterinsights_sitenote_note":"","_monsterinsights_sitenote_category":0,"footnotes":""},"categories":[3,6],"tags":[],"class_list":["post-3883","post","type-post","status-publish","format-standard","has-post-thumbnail","hentry","category-boletin","category-hector-apreza-patron"],"aioseo_notices":[],"_links":{"self":[{"href":"https:\/\/congresogro.gob.mx\/63\/inicio\/wp-json\/wp\/v2\/posts\/3883","targetHints":{"allow":["GET"]}}],"collection":[{"href":"https:\/\/congresogro.gob.mx\/63\/inicio\/wp-json\/wp\/v2\/posts"}],"about":[{"href":"https:\/\/congresogro.gob.mx\/63\/inicio\/wp-json\/wp\/v2\/types\/post"}],"author":[{"embeddable":true,"href":"https:\/\/congresogro.gob.mx\/63\/inicio\/wp-json\/wp\/v2\/users\/1"}],"replies":[{"embeddable":true,"href":"https:\/\/congresogro.gob.mx\/63\/inicio\/wp-json\/wp\/v2\/comments?post=3883"}],"version-history":[{"count":1,"href":"https:\/\/congresogro.gob.mx\/63\/inicio\/wp-json\/wp\/v2\/posts\/3883\/revisions"}],"predecessor-version":[{"id":3886,"href":"https:\/\/congresogro.gob.mx\/63\/inicio\/wp-json\/wp\/v2\/posts\/3883\/revisions\/3886"}],"wp:featuredmedia":[{"embeddable":true,"href":"https:\/\/congresogro.gob.mx\/63\/inicio\/wp-json\/wp\/v2\/media\/3885"}],"wp:attachment":[{"href":"https:\/\/congresogro.gob.mx\/63\/inicio\/wp-json\/wp\/v2\/media?parent=3883"}],"wp:term":[{"taxonomy":"category","embeddable":true,"href":"https:\/\/congresogro.gob.mx\/63\/inicio\/wp-json\/wp\/v2\/categories?post=3883"},{"taxonomy":"post_tag","embeddable":true,"href":"https:\/\/congresogro.gob.mx\/63\/inicio\/wp-json\/wp\/v2\/tags?post=3883"}],"curies":[{"name":"wp","href":"https:\/\/api.w.org\/{rel}","templated":true}]}}