{"id":3770,"date":"2022-06-13T09:10:17","date_gmt":"2022-06-13T14:10:17","guid":{"rendered":"https:\/\/congresogro.gob.mx\/63\/inicio\/?p=3770"},"modified":"2022-06-14T10:03:08","modified_gmt":"2022-06-14T15:03:08","slug":"presentan-en-el-congreso-la-convocatoria-para-el-parlamento-juvenil-guerrerense-2022","status":"publish","type":"post","link":"https:\/\/congresogro.gob.mx\/63\/inicio\/2022\/06\/13\/presentan-en-el-congreso-la-convocatoria-para-el-parlamento-juvenil-guerrerense-2022\/","title":{"rendered":"PRESENTAN EN EL CONGRESO LA CONVOCATORIA  PARA EL PARLAMENTO JUVENIL GUERRERENSE 2022"},"content":{"rendered":"<p style=\"text-align: justify;\"><strong>Chilpancingo, Gro., a 13 de junio de 2022<\/strong>.- Con el objetivo de promover la participaci\u00f3n democr\u00e1tica de las juventudes guerrerenses y que sus propuestas sean consideradas en la agenda legislativa, el Congreso del Estado present\u00f3 la Convocatoria del \u201cParlamento Juvenil del Estado de Guerrero 2022\u201d, a celebrarse el pr\u00f3ximo 12 de agosto.<\/p>\n<p style=\"text-align: justify;\">Al dar un mensaje durante el acto de presentaci\u00f3n, la presidenta de la Comisi\u00f3n de la Juventud y el Deporte, diputada Ang\u00e9lica Espinoza Garc\u00eda, manifest\u00f3 que \u00e9ste es un ejercicio importante que refleja la gran apertura del Congreso hacia los j\u00f3venes, en busca de generarles confianza e involucrarlos en la actividad parlamentaria.<\/p>\n<p style=\"text-align: justify;\">Celebr\u00f3 tambi\u00e9n la estrecha coordinaci\u00f3n con otras instituciones, como la Secretar\u00eda de la Juventud y la Ni\u00f1ez del Estado y del Instituto Electoral y de Participaci\u00f3n Ciudadana, con las que sin duda lograr\u00e1n un exitoso \u201cParlamento Juvenil 2022\u201d.<\/p>\n<p><img loading=\"lazy\" decoding=\"async\" class=\"alignnone size-medium wp-image-3773\" src=\"https:\/\/congresogro.gob.mx\/63\/inicio\/wp-content\/uploads\/2022\/06\/PARLAMENTO-JUVENIL-BOL-224-2-640x359.jpeg\" alt=\"\" width=\"640\" height=\"359\" srcset=\"https:\/\/congresogro.gob.mx\/63\/inicio\/wp-content\/uploads\/2022\/06\/PARLAMENTO-JUVENIL-BOL-224-2-640x360.jpeg 640w, https:\/\/congresogro.gob.mx\/63\/inicio\/wp-content\/uploads\/2022\/06\/PARLAMENTO-JUVENIL-BOL-224-2-768x431.jpeg 768w, https:\/\/congresogro.gob.mx\/63\/inicio\/wp-content\/uploads\/2022\/06\/PARLAMENTO-JUVENIL-BOL-224-2-320x180.jpeg 320w, https:\/\/congresogro.gob.mx\/63\/inicio\/wp-content\/uploads\/2022\/06\/PARLAMENTO-JUVENIL-BOL-224-2.jpeg 1024w\" sizes=\"auto, (max-width: 640px) 100vw, 640px\" \/><\/p>\n<p style=\"text-align: justify;\">Indic\u00f3 que la selecci\u00f3n de 21 mujeres y 21 hombres de 18 a 29 a\u00f1os de edad se har\u00e1 mediante mesas de trabajo regionales, en las que se abordar\u00e1n las siguientes tem\u00e1ticas: Mujeres, g\u00e9nero y diversidad sexual, Migraci\u00f3n, Identidad y representaci\u00f3n pol\u00edtica de los pueblos originarios y afrodescendientes, Derechos culturales de la juventud: arte, ciencia, y tecnolog\u00eda, Atenci\u00f3n a la salud p\u00fablica: seguridad social, Prevenci\u00f3n de adicciones, Derechos sexuales y reproductivos, Derecho y acceso a la justicia para adolescentes.<\/p>\n<p style=\"text-align: justify;\">Espinoza Garc\u00eda confi\u00f3 en que estos encuentros regionales logren incentivar a las juventudes para que haya una amplia participaci\u00f3n en este espacio de expresi\u00f3n democr\u00e1tica e incluyente, y sean el eco que motive al desarrollo de una mejor funci\u00f3n p\u00fablica, que haga realidad las aspiraciones de cambio de las juventudes y las pr\u00f3ximas generaciones.<\/p>\n<p style=\"text-align: justify;\">En su momento, la diputada Marben de la Cruz Santiago, vocal de la Comisi\u00f3n de la Juventud y el Deporte, expres\u00f3 que el Parlamento Juvenil garantiza que sean escuchados respecto a diversas problem\u00e1ticas que les aquejan, como es la violencia, la inseguridad, la falta de oportunidad en los espacios p\u00fablicos y pol\u00edticos, discriminaci\u00f3n y racismo por el s\u00f3lo hecho de ser j\u00f3venes o pertenecer a una etnia ind\u00edgena o afromexicana.<\/p>\n<p style=\"text-align: justify;\">Tambi\u00e9n participaron las diputadas Jennyfer Garc\u00eda Lucena y Ana Lenis Res\u00e9ndiz Javier, vocales de la citada comisi\u00f3n; la consejera presidenta del Instituto Electoral y de Participaci\u00f3n Ciudadana, Luz Fabiola Matildes Gama; la secretaria de la Juventud y la Ni\u00f1ez del Gobierno del Estado, Jessica Maldonado Morales; la consejera presidenta de la Comisi\u00f3n de Educaci\u00f3n C\u00edvica y Participaci\u00f3n Ciudadana, Cinthya Citlali D\u00edaz Fuentes; Antelmo Magdaleno Sol\u00eds en representaci\u00f3n del DIF Guerrero; Jos\u00e9 Guillermo Gir\u00f3n Catal\u00e1n, director general de Atenci\u00f3n a Estudiantes y Gesti\u00f3n Escolar, en representaci\u00f3n del rector de la Universidad Aut\u00f3noma de Guerrero, as\u00ed como docentes y alumnos de diferentes instituciones educativas.<\/p>\n<p style=\"text-align: justify;\"><strong>\u00a0<\/strong><\/p>\n","protected":false},"excerpt":{"rendered":"<p>Chilpancingo, Gro., a 13 de junio de 2022.- Con el objetivo de promover la participaci\u00f3n democr\u00e1tica de las juventudes guerrerenses y que sus propuestas sean consideradas en la agenda legislativa, el Congreso del Estado present\u00f3 la Convocatoria del \u201cParlamento Juvenil del Estado de Guerrero 2022\u201d, a celebrarse el pr\u00f3ximo 12 de agosto. Al dar un&#8230;<\/p>\n","protected":false},"author":1,"featured_media":3772,"comment_status":"closed","ping_status":"open","sticky":false,"template":"","format":"standard","meta":{"_monsterinsights_skip_tracking":false,"_monsterinsights_sitenote_active":false,"_monsterinsights_sitenote_note":"","_monsterinsights_sitenote_category":0,"footnotes":""},"categories":[41,3],"tags":[],"class_list":["post-3770","post","type-post","status-publish","format-standard","has-post-thumbnail","hentry","category-angelica-espinoza-garcia","category-boletin"],"aioseo_notices":[],"_links":{"self":[{"href":"https:\/\/congresogro.gob.mx\/63\/inicio\/wp-json\/wp\/v2\/posts\/3770","targetHints":{"allow":["GET"]}}],"collection":[{"href":"https:\/\/congresogro.gob.mx\/63\/inicio\/wp-json\/wp\/v2\/posts"}],"about":[{"href":"https:\/\/congresogro.gob.mx\/63\/inicio\/wp-json\/wp\/v2\/types\/post"}],"author":[{"embeddable":true,"href":"https:\/\/congresogro.gob.mx\/63\/inicio\/wp-json\/wp\/v2\/users\/1"}],"replies":[{"embeddable":true,"href":"https:\/\/congresogro.gob.mx\/63\/inicio\/wp-json\/wp\/v2\/comments?post=3770"}],"version-history":[{"count":3,"href":"https:\/\/congresogro.gob.mx\/63\/inicio\/wp-json\/wp\/v2\/posts\/3770\/revisions"}],"predecessor-version":[{"id":3776,"href":"https:\/\/congresogro.gob.mx\/63\/inicio\/wp-json\/wp\/v2\/posts\/3770\/revisions\/3776"}],"wp:featuredmedia":[{"embeddable":true,"href":"https:\/\/congresogro.gob.mx\/63\/inicio\/wp-json\/wp\/v2\/media\/3772"}],"wp:attachment":[{"href":"https:\/\/congresogro.gob.mx\/63\/inicio\/wp-json\/wp\/v2\/media?parent=3770"}],"wp:term":[{"taxonomy":"category","embeddable":true,"href":"https:\/\/congresogro.gob.mx\/63\/inicio\/wp-json\/wp\/v2\/categories?post=3770"},{"taxonomy":"post_tag","embeddable":true,"href":"https:\/\/congresogro.gob.mx\/63\/inicio\/wp-json\/wp\/v2\/tags?post=3770"}],"curies":[{"name":"wp","href":"https:\/\/api.w.org\/{rel}","templated":true}]}}