{"id":3720,"date":"2022-06-08T09:00:34","date_gmt":"2022-06-08T14:00:34","guid":{"rendered":"https:\/\/congresogro.gob.mx\/63\/inicio\/?p=3720"},"modified":"2022-06-09T09:01:38","modified_gmt":"2022-06-09T14:01:38","slug":"plantean-reforma-a-ley-organica-del-poder-legislativo-para-modificar-el-nombre-de-la-comision-de-asuntos-indigenas-y-afromexicanos","status":"publish","type":"post","link":"https:\/\/congresogro.gob.mx\/63\/inicio\/2022\/06\/08\/plantean-reforma-a-ley-organica-del-poder-legislativo-para-modificar-el-nombre-de-la-comision-de-asuntos-indigenas-y-afromexicanos\/","title":{"rendered":"PLANTEAN REFORMA A LEY ORG\u00c1NICA DEL PODER LEGISLATIVO PARA MODIFICAR EL NOMBRE DE LA COMISI\u00d3N DE ASUNTOS IND\u00cdGENAS Y AFROMEXICANOS"},"content":{"rendered":"<p style=\"text-align: justify;\"><strong>Chilpancingo, Gro., a 08 de junio de 2022.- <\/strong>Para modificar el nombre de la Comisi\u00f3n de Asuntos Ind\u00edgenas y Afromexicanos por Comisi\u00f3n de los Pueblos y Comunidades Ind\u00edgenas y Afromexicanas, la diputada <a href=\"https:\/\/www.facebook.com\/Marben.DeLaCruz.S\/?__cft__%5b0%5d=AZXqnF3Vx9fkpFibaOkTYALJ-TVplJ4ks9ZmXJ_R6fWnyjTxnYjBSewar2ZjW2qazqwrKj1-NHu_0_TcKORK0-ZcPnS1qzk6MoW-qY6hezb4hevGwhE4DTSO27Knxa0ru83F9NM3qCbjF_7d9dhLEAaWjOtc9SPR7yr0JdQL0vNv9w&amp;__tn__=kK-R\">Marben de la Cruz Santiago<\/a>\u00a0 propuso reformar la Ley Org\u00e1nica del Poder Legislativo del Estado de Guerrero.<\/p>\n<p style=\"text-align: justify;\">En la m\u00e1s reciente sesi\u00f3n del Congreso del Estado, la legisladora de Morena expuso que los pueblos y comunidades afromexicanas forman parte de la Constituci\u00f3n Pol\u00edtica federal, donde se establece su reconocimiento en cualquiera que fuera su autodenominaci\u00f3n, como parte de la composici\u00f3n pluricultural de la Naci\u00f3n.<\/p>\n<p style=\"text-align: justify;\">Indic\u00f3 que en la Ley Org\u00e1nica del Poder Legislativo del Estado, en el a\u00f1o 2014, a la Comisi\u00f3n de Asuntos Ind\u00edgenas se le agreg\u00f3 la palabra de Afromexicanos, como un reconocimiento a la contribuci\u00f3n al desarrollo econ\u00f3mico, social y cultural del estado y la Naci\u00f3n.<\/p>\n<p style=\"text-align: justify;\">Por estas razones, de la Cruz Santiago considera que se deben hacer las modificaciones necesarias al marco jur\u00eddico para que haya congruencia con los avances en materia de reconocimiento de los derechos de los pueblos y comunidades ind\u00edgenas y afromexicanos.<\/p>\n<p style=\"text-align: justify;\">Se\u00f1al\u00f3 que la Ley establece que a la citada comisi\u00f3n legislativa le corresponder\u00e1 promover y procurar que los programas de las dependencias y entidades del sector p\u00fablico contengan acciones de integraci\u00f3n social en beneficio de los ind\u00edgenas; los vinculados con el respeto a las culturas, usos y costumbres ind\u00edgenas en la entidad; lo relativo a la procuraci\u00f3n, administraci\u00f3n de justicia y respeto a los derechos humanos de los ind\u00edgenas, y los dem\u00e1s temas que a juicio de la mesa directiva le sean turnados para su an\u00e1lisis.<\/p>\n<p style=\"text-align: justify;\">Por ello, como un reconocimiento a los derechos de los pueblos y comunidades ind\u00edgenas y afromexicanas, y por respeto a su libre organizaci\u00f3n y a su autonom\u00eda interna, la diputada considera que se debe modificar el nombre de la Comisi\u00f3n de Asuntos Ind\u00edgenas y Afromexicanos por Comisi\u00f3n de los Pueblos y Comunidades Ind\u00edgenas y Afromexicanas.<\/p>\n<p style=\"text-align: justify;\">Esta propuesta fue turnada a la Comisi\u00f3n de Estudios Constitucionales y Jur\u00eddicos para su an\u00e1lisis y emisi\u00f3n del dictamen respectivo.<\/p>\n","protected":false},"excerpt":{"rendered":"<p>Chilpancingo, Gro., a 08 de junio de 2022.- Para modificar el nombre de la Comisi\u00f3n de Asuntos Ind\u00edgenas y Afromexicanos por Comisi\u00f3n de los Pueblos y Comunidades Ind\u00edgenas y Afromexicanas, la diputada Marben de la Cruz Santiago\u00a0 propuso reformar la Ley Org\u00e1nica del Poder Legislativo del Estado de Guerrero. En la m\u00e1s reciente sesi\u00f3n del&#8230;<\/p>\n","protected":false},"author":1,"featured_media":3722,"comment_status":"closed","ping_status":"open","sticky":false,"template":"","format":"standard","meta":{"_monsterinsights_skip_tracking":false,"_monsterinsights_sitenote_active":false,"_monsterinsights_sitenote_note":"","_monsterinsights_sitenote_category":0,"footnotes":""},"categories":[3,12],"tags":[],"class_list":["post-3720","post","type-post","status-publish","format-standard","has-post-thumbnail","hentry","category-boletin","category-marben-de-la-cruz-santiago"],"aioseo_notices":[],"_links":{"self":[{"href":"https:\/\/congresogro.gob.mx\/63\/inicio\/wp-json\/wp\/v2\/posts\/3720","targetHints":{"allow":["GET"]}}],"collection":[{"href":"https:\/\/congresogro.gob.mx\/63\/inicio\/wp-json\/wp\/v2\/posts"}],"about":[{"href":"https:\/\/congresogro.gob.mx\/63\/inicio\/wp-json\/wp\/v2\/types\/post"}],"author":[{"embeddable":true,"href":"https:\/\/congresogro.gob.mx\/63\/inicio\/wp-json\/wp\/v2\/users\/1"}],"replies":[{"embeddable":true,"href":"https:\/\/congresogro.gob.mx\/63\/inicio\/wp-json\/wp\/v2\/comments?post=3720"}],"version-history":[{"count":1,"href":"https:\/\/congresogro.gob.mx\/63\/inicio\/wp-json\/wp\/v2\/posts\/3720\/revisions"}],"predecessor-version":[{"id":3723,"href":"https:\/\/congresogro.gob.mx\/63\/inicio\/wp-json\/wp\/v2\/posts\/3720\/revisions\/3723"}],"wp:featuredmedia":[{"embeddable":true,"href":"https:\/\/congresogro.gob.mx\/63\/inicio\/wp-json\/wp\/v2\/media\/3722"}],"wp:attachment":[{"href":"https:\/\/congresogro.gob.mx\/63\/inicio\/wp-json\/wp\/v2\/media?parent=3720"}],"wp:term":[{"taxonomy":"category","embeddable":true,"href":"https:\/\/congresogro.gob.mx\/63\/inicio\/wp-json\/wp\/v2\/categories?post=3720"},{"taxonomy":"post_tag","embeddable":true,"href":"https:\/\/congresogro.gob.mx\/63\/inicio\/wp-json\/wp\/v2\/tags?post=3720"}],"curies":[{"name":"wp","href":"https:\/\/api.w.org\/{rel}","templated":true}]}}