{"id":3716,"date":"2022-06-08T08:59:02","date_gmt":"2022-06-08T13:59:02","guid":{"rendered":"https:\/\/congresogro.gob.mx\/63\/inicio\/?p=3716"},"modified":"2022-06-09T09:00:20","modified_gmt":"2022-06-09T14:00:20","slug":"proponen-reforma-en-el-congreso-para-impedir-la-reincorporacion-de-elementos-policiacos-destituidos","status":"publish","type":"post","link":"https:\/\/congresogro.gob.mx\/63\/inicio\/2022\/06\/08\/proponen-reforma-en-el-congreso-para-impedir-la-reincorporacion-de-elementos-policiacos-destituidos\/","title":{"rendered":"PROPONEN REFORMA EN EL CONGRESO PARA IMPEDIR LA  REINCORPORACI\u00d3N DE ELEMENTOS POLICIACOS DESTITUIDOS"},"content":{"rendered":"<p style=\"text-align: justify;\"><strong>Chilpancingo, Gro., a 08 de junio de 2022.- <\/strong>El Grupo Parlamentario del PRD en el Congreso del Estado propuso adicionar el C\u00f3digo de Procedimientos de Justicia Administrativa del Estado para que, en el caso del personal de instituciones policiales, no proceda su reinstalaci\u00f3n o restituci\u00f3n, cualquiera que sea el resultado del juicio o medio de defensa que se hubiere promovido en contra de violaciones procesales, formales o de fondo en el procedimiento administrativo de separaci\u00f3n.<\/p>\n<p style=\"text-align: justify;\">Al presentar la iniciativa, el coordinador del Grupo Parlamentario, diputado Raymundo Garc\u00eda Guti\u00e9rrez, destac\u00f3 que actualmente la federaci\u00f3n, estados y municipios se han enfrascado en un c\u00famulo de demandas por parte de elementos policiacos que han sido dados de baja, alegando que estos procedimientos son insuficientes y ausentes de las garant\u00edas de audiencia y legalidad.<\/p>\n<p style=\"text-align: justify;\">Indic\u00f3 que esto origina que los tribunales del \u00e1mbito administrativo condenen a las entidades policiales a pagar prestaciones laborales que terminan siendo una merma a los recursos p\u00fablicos, propiamente de los destinados a la seguridad p\u00fablica.<\/p>\n<p style=\"text-align: justify;\">Explic\u00f3 que a los miembros de las corporaciones de seguridad p\u00fablica se les considera como una relaci\u00f3n administrativa y no como laboral, por lo que los tribunales a los que les corresponde resolver son diversos, ya que en la mayor\u00eda de las legislaciones se establecen deberes y organizaci\u00f3n de su personal, pero es escasa la normatividad relacionada a los derechos en los casos de terminaci\u00f3n de la relaci\u00f3n laboral administrativa.<\/p>\n<p style=\"text-align: justify;\">Resalt\u00f3 que la Constituci\u00f3n Pol\u00edtica limita o proh\u00edbe al personal que hubiera sido separado de su cargo, justificado o no, que pueda regresar o ser reinstalado, ni por mandato de los tribunales administrativos que determinaran que fue ilegal o sin justificaci\u00f3n dicha terminaci\u00f3n de servicio; sin embargo, al reclamar \u00e9stos sus derechos o la reparaci\u00f3n del da\u00f1o, es un problema determinar qu\u00e9 conceptos entraban y cu\u00e1les no para su cuantificaci\u00f3n y pago, al no existir suplencia de ninguna legislaci\u00f3n.<\/p>\n<p style=\"text-align: justify;\">Por lo anterior, Garc\u00eda Guti\u00e9rrez considera que es necesario legislar para la debida regulaci\u00f3n de estos procesos de separaci\u00f3n, baja y cese de los elementos policiales, y a partir de ello mejorarlos, creando un marco jur\u00eddico que ayude tanto a las entidades encargadas de la seguridad p\u00fablica como a los derechos de los elementos policiacos.<\/p>\n<p style=\"text-align: justify;\">El legislador propone, adem\u00e1s, especificar que el estado y los municipios s\u00f3lo estar\u00e1n obligados a pagar la indemnizaci\u00f3n correspondiente, que constar\u00e1 de tres meses de salario, 20 d\u00edas por a\u00f1o laborado, y lo que resulte de los proporcionales del \u00faltimo a\u00f1o en que prest\u00f3 sus servicios por concepto de vacaciones, prima vacacional, aguinaldo y dem\u00e1s prestaciones que el personal acredite que se pactaron expresamente.<\/p>\n<p style=\"text-align: justify;\">Esta iniciativa fue turnada a la Comisi\u00f3n de Justicia del Congreso para su correspondiente an\u00e1lisis y dictaminaci\u00f3n.<\/p>\n","protected":false},"excerpt":{"rendered":"<p>Chilpancingo, Gro., a 08 de junio de 2022.- El Grupo Parlamentario del PRD en el Congreso del Estado propuso adicionar el C\u00f3digo de Procedimientos de Justicia Administrativa del Estado para que, en el caso del personal de instituciones policiales, no proceda su reinstalaci\u00f3n o restituci\u00f3n, cualquiera que sea el resultado del juicio o medio de&#8230;<\/p>\n","protected":false},"author":1,"featured_media":3718,"comment_status":"closed","ping_status":"open","sticky":false,"template":"","format":"standard","meta":{"_monsterinsights_skip_tracking":false,"_monsterinsights_sitenote_active":false,"_monsterinsights_sitenote_note":"","_monsterinsights_sitenote_category":0,"footnotes":""},"categories":[3,5],"tags":[],"class_list":["post-3716","post","type-post","status-publish","format-standard","has-post-thumbnail","hentry","category-boletin","category-raymundo-garcia-gutierrez"],"aioseo_notices":[],"_links":{"self":[{"href":"https:\/\/congresogro.gob.mx\/63\/inicio\/wp-json\/wp\/v2\/posts\/3716","targetHints":{"allow":["GET"]}}],"collection":[{"href":"https:\/\/congresogro.gob.mx\/63\/inicio\/wp-json\/wp\/v2\/posts"}],"about":[{"href":"https:\/\/congresogro.gob.mx\/63\/inicio\/wp-json\/wp\/v2\/types\/post"}],"author":[{"embeddable":true,"href":"https:\/\/congresogro.gob.mx\/63\/inicio\/wp-json\/wp\/v2\/users\/1"}],"replies":[{"embeddable":true,"href":"https:\/\/congresogro.gob.mx\/63\/inicio\/wp-json\/wp\/v2\/comments?post=3716"}],"version-history":[{"count":1,"href":"https:\/\/congresogro.gob.mx\/63\/inicio\/wp-json\/wp\/v2\/posts\/3716\/revisions"}],"predecessor-version":[{"id":3719,"href":"https:\/\/congresogro.gob.mx\/63\/inicio\/wp-json\/wp\/v2\/posts\/3716\/revisions\/3719"}],"wp:featuredmedia":[{"embeddable":true,"href":"https:\/\/congresogro.gob.mx\/63\/inicio\/wp-json\/wp\/v2\/media\/3718"}],"wp:attachment":[{"href":"https:\/\/congresogro.gob.mx\/63\/inicio\/wp-json\/wp\/v2\/media?parent=3716"}],"wp:term":[{"taxonomy":"category","embeddable":true,"href":"https:\/\/congresogro.gob.mx\/63\/inicio\/wp-json\/wp\/v2\/categories?post=3716"},{"taxonomy":"post_tag","embeddable":true,"href":"https:\/\/congresogro.gob.mx\/63\/inicio\/wp-json\/wp\/v2\/tags?post=3716"}],"curies":[{"name":"wp","href":"https:\/\/api.w.org\/{rel}","templated":true}]}}