{"id":3681,"date":"2022-06-07T09:57:16","date_gmt":"2022-06-07T14:57:16","guid":{"rendered":"https:\/\/congresogro.gob.mx\/63\/inicio\/?p=3681"},"modified":"2022-06-08T10:01:24","modified_gmt":"2022-06-08T15:01:24","slug":"propone-diputada-el-reconocimiento-de-la-cultura-como-un-derecho-humano","status":"publish","type":"post","link":"https:\/\/congresogro.gob.mx\/63\/inicio\/2022\/06\/07\/propone-diputada-el-reconocimiento-de-la-cultura-como-un-derecho-humano\/","title":{"rendered":"PROPONE DIPUTADA EL RECONOCIMIENTO DE LA CULTURA COMO UN DERECHO HUMANO"},"content":{"rendered":"<p><strong>Chilpancingo, Gro., a 07 de junio 2022.-<\/strong> Para abonar al proceso de construcci\u00f3n de una sociedad igualitaria, justa y democr\u00e1tica, basada en el reconocimiento, respeto, protecci\u00f3n y ejercicio pleno de las libertades y derechos humanos, la diputada Ang\u00e9lica Espinoza Garc\u00eda propuso reformar la Constituci\u00f3n Pol\u00edtica del Estado para que se reconozca a la cultura como un derecho humano.<\/p>\n<p>En su propuesta, la legisladora de Morena expuso que en nuestra Carta Magna el derecho a la cultura se menciona de manera marginal y casi desde\u00f1osa, englob\u00e1ndola dentro del derecho a la recreaci\u00f3n social y el deporte, lo que no es preciso, dado su importancia y forma de acceso, as\u00ed como a los mecanismos institucionales que la deben ponderar como un derecho humano.<\/p>\n<p>Indic\u00f3 que distintos tratados internacionales especifican que la cultura debe ser considerada como el conjunto de rasgos distintivos espirituales y materiales, intelectuales y afectivos que caracterizan a una sociedad o a un grupo social, y que abarca, adem\u00e1s de las artes y letras, modos de vida, maneras de vivir juntos, sistemas de valores, tradiciones y creencias, y donde los derechos culturales son parte integral de los derechos humanos, que son universales, indisociables e interdependientes.<\/p>\n<p>Adem\u00e1s, refiere que en la Constituci\u00f3n Pol\u00edtica de los Estados Unidos Mexicanos se rescata la esencia del derecho a la cultura, al se\u00f1alar que toda persona tiene derecho al acceso a la cultura y al disfrute de los bienes y servicios que presta el Estado en la materia, as\u00ed como el ejercicio de sus derechos culturales.<\/p>\n<p>Sin embargo, Espinoza Garc\u00eda se\u00f1al\u00f3 que la Constituci\u00f3n local establece el derecho de toda persona a la recreaci\u00f3n social, deportiva y cultural, que permita el sano esparcimiento como medida para auspiciar la integraci\u00f3n y la convivencia colectiva, disposici\u00f3n que dista en mucho, en cuanto a conceptualizaci\u00f3n, importancia y alcance, del derecho a la cultura.<\/p>\n<p>Por lo anterior, la legisladora considera necesario establecer el derecho a la cultura como derecho humano, no como una simple expresi\u00f3n ret\u00f3rica de un discurso gubernamental que margina, excluye\u00a0\u00a0 y niega las bases fundacionales de la construcci\u00f3n social.<\/p>\n<p>&nbsp;<\/p>\n<p><strong>Iniciativas <\/strong><\/p>\n<p>La diputada Ana Lenis Res\u00e9ndiz Javier present\u00f3 un paquete de iniciativas; de Ley de los Derechos de la Persona No Nacida del Estado, de Reforma a la Constituci\u00f3n Pol\u00edtica del Estado y de Reforma al C\u00f3digo Civil del Estado, para establecer y garantizar los derechos de las personas no nacidas, as\u00ed como la salvaguarda de la maternidad como instituci\u00f3n de orden p\u00fablico y el cumplimiento de la paternidad de manera responsable.<\/p>\n<p>Las propuestas fueron turnadas a las Comisiones de Estudios Constitucionales y Jur\u00eddicos y de Justicia para su an\u00e1lisis.<\/p>\n<p>La diputada <a href=\"https:\/\/www.facebook.com\/SoyJulietaFernandez?__cft__%5b0%5d=AZUo7UXOiRthnZ6qEnFPO4QpUvQOnMjoTfdAUcGbLuNZFkEAlqjKLJCZwGunkN_WC5H5zJip2xSj7rgC-O2iw-XGVqFY-D3EsBdDA1x1Yh6pG4FEjoaHybh4ceJMYn_VVdFO16pc1DhlrmmeNuZM0quB1xlEM_nfcaRC8Wli-GevqA&amp;__tn__=-%5dK-R\">Julieta Fern\u00e1ndez M\u00e1rquez<\/a> present\u00f3 una iniciativa de reforma a la Ley Org\u00e1nica del Municipio Libre del Estado para actualizar los t\u00e9rminos de \u00abAuditor\u00eda General del Estado\u00bb a \u00abAuditor\u00eda Superior del Estado\u00bb, \u00abContralor\u00eda General del Estado\u00bb por \u00abSecretar\u00eda de la Contralor\u00eda y Transparencia Gubernamental\u00bb, y \u00abProcuradur\u00eda General de Justicia\u00bb por \u00abFiscal\u00eda General de Justicia del Estado\u00bb.<\/p>\n<p>A nombre del Grupo Parlamentario del PRD, el diputado <a href=\"https:\/\/www.facebook.com\/profile.php?id=100075679250135&amp;__cft__%5b0%5d=AZVo2mxwjacrJDcnykalHNieLmplhNe-VQ40otG4Jdoa4FP9HYuvyBh94zdV207rFzhs3Y4tX2F-1irkNy1YOstyqnAUBp6nbYdmoPvkVLB4Cb9iTtaxOiIWjdP8zaABHtP-HrX4X_gsVdppDZ1K6TYeChPx11HED88dRH2ehRRfyg&amp;__tn__=-%5dK-R\">Raymundo Garc\u00eda Guti\u00e9rrez<\/a>, present\u00f3 una iniciativa de adici\u00f3n al C\u00f3digo de Procedimientos de Justicia Administrativa del Estado para que, en el caso del personal de instituciones policiales, no proceda su reinstalaci\u00f3n o restituci\u00f3n, cualquiera que sea el resultado del juicio que se hubiere promovido en contra de violaciones procesales, formales o de fondo en el procedimiento administrativo de separaci\u00f3n. Adem\u00e1s que el Estado o los municipios s\u00f3lo estar\u00e1n obligados a pagar la indemnizaci\u00f3n, que constar\u00e1 de tres meses de salario, 20 d\u00edas por a\u00f1o laborado y lo que resulte de los proporcionales del \u00faltimo a\u00f1o en que prest\u00f3 sus servicios por concepto de vacaciones, prima vacacional, aguinaldo y dem\u00e1s prestaciones que el personal acredite se pactaron expresamente.<\/p>\n<p>El <a href=\"https:\/\/www.facebook.com\/DipCarlosCruzLopez?__cft__%5b0%5d=AZXgaBVXE6cuXXdkSkiZw7BNxsu72fUJAf7GMDTRidEQsqOGvemznWkaF-YbwJk_W3GI3NSAOuw-VCpg_m4mAL1cu6iWDbeZfhA50OD6iFM9RyhcPP5Rkxh-zTpgEuHGAYOzqq-rLJgOm-luBmuKBOA6Rx27Z-8scOr00-ssvkWyrw&amp;__tn__=-%5dK-R\">diputado Carlos Cruz L\u00f3pez<\/a> present\u00f3 una iniciativa de reformas a la Ley Org\u00e1nica del Poder Legislativo del Estado para actualizar en dicho ordenamiento el t\u00e9rmino \u00abContralor\u00eda Interna\u00bb por \u00ab\u00d3rgano Interno de Control\u00bb.<\/p>\n<p>La diputada <a href=\"https:\/\/www.facebook.com\/Marben.DeLaCruz.S\/?__cft__%5b0%5d=AZWZTWLOU2_TmdbN3g-A3AC6syCSRqujxuIna2TbS8SeZMCa-lRzkWpgJCdjwvfT036v8QYO4h_rOaxP6VAQzkA9ni1w6jn0sQusZruWrOe3h1ALUCUDz5D0Nk8QTkhmxf05si27Kp8cwnX8UflBdiT_TQ-k0zBaP3CSonT3BiqBmA&amp;__tn__=kK-R\">Marben de la Cruz Santiago<\/a> propuso reformar la Ley Org\u00e1nica del Poder Legislativo del Estado para modificar el nombre de la Comisi\u00f3n de Asuntos Ind\u00edgenas y Afromexicanos por Comisi\u00f3n de los Pueblos y Comunidades Ind\u00edgenas y Afromexicanas.<\/p>\n<p>La diputada <a href=\"https:\/\/www.facebook.com\/GabyBernalR?__cft__%5b0%5d=AZU-mg7f8kE6h30GnsHKAtSKDJGAjRdxgoy-mAoiqtuwhlRoJDtdcyPXkwDaSDSyJu_oU2Jn-YH3EURpB0Y6_uv7JXNsDk2Oo507zVabOVu7HqUJt_JPgw4hYokEvYeOlGc2acUR5AciQulxbUuMatwB3Bb3rzh4tKW92omMNyZvAQ&amp;__tn__=-%5dK-R\">Gabriela Bernal Res\u00e9ndiz<\/a>, a nombre del Grupo Parlamentario del PRI, present\u00f3 una iniciativa por la que se declara a la Gastronom\u00eda Guerrerense en lo general y a la Cocina Tradicional de Guerrero en lo espec\u00edfico, como Patrimonio Cultural intangible y tangible del estado de Guerrero. La propuesta se turn\u00f3 a la Comisi\u00f3n de Cultura.<\/p>\n","protected":false},"excerpt":{"rendered":"<p>Chilpancingo, Gro., a 07 de junio 2022.- Para abonar al proceso de construcci\u00f3n de una sociedad igualitaria, justa y democr\u00e1tica, basada en el reconocimiento, respeto, protecci\u00f3n y ejercicio pleno de las libertades y derechos humanos, la diputada Ang\u00e9lica Espinoza Garc\u00eda propuso reformar la Constituci\u00f3n Pol\u00edtica del Estado para que se reconozca a la cultura como&#8230;<\/p>\n","protected":false},"author":1,"featured_media":3683,"comment_status":"closed","ping_status":"open","sticky":false,"template":"","format":"standard","meta":{"_monsterinsights_skip_tracking":false,"_monsterinsights_sitenote_active":false,"_monsterinsights_sitenote_note":"","_monsterinsights_sitenote_category":0,"footnotes":""},"categories":[41,3],"tags":[],"class_list":["post-3681","post","type-post","status-publish","format-standard","has-post-thumbnail","hentry","category-angelica-espinoza-garcia","category-boletin"],"aioseo_notices":[],"_links":{"self":[{"href":"https:\/\/congresogro.gob.mx\/63\/inicio\/wp-json\/wp\/v2\/posts\/3681","targetHints":{"allow":["GET"]}}],"collection":[{"href":"https:\/\/congresogro.gob.mx\/63\/inicio\/wp-json\/wp\/v2\/posts"}],"about":[{"href":"https:\/\/congresogro.gob.mx\/63\/inicio\/wp-json\/wp\/v2\/types\/post"}],"author":[{"embeddable":true,"href":"https:\/\/congresogro.gob.mx\/63\/inicio\/wp-json\/wp\/v2\/users\/1"}],"replies":[{"embeddable":true,"href":"https:\/\/congresogro.gob.mx\/63\/inicio\/wp-json\/wp\/v2\/comments?post=3681"}],"version-history":[{"count":1,"href":"https:\/\/congresogro.gob.mx\/63\/inicio\/wp-json\/wp\/v2\/posts\/3681\/revisions"}],"predecessor-version":[{"id":3684,"href":"https:\/\/congresogro.gob.mx\/63\/inicio\/wp-json\/wp\/v2\/posts\/3681\/revisions\/3684"}],"wp:featuredmedia":[{"embeddable":true,"href":"https:\/\/congresogro.gob.mx\/63\/inicio\/wp-json\/wp\/v2\/media\/3683"}],"wp:attachment":[{"href":"https:\/\/congresogro.gob.mx\/63\/inicio\/wp-json\/wp\/v2\/media?parent=3681"}],"wp:term":[{"taxonomy":"category","embeddable":true,"href":"https:\/\/congresogro.gob.mx\/63\/inicio\/wp-json\/wp\/v2\/categories?post=3681"},{"taxonomy":"post_tag","embeddable":true,"href":"https:\/\/congresogro.gob.mx\/63\/inicio\/wp-json\/wp\/v2\/tags?post=3681"}],"curies":[{"name":"wp","href":"https:\/\/api.w.org\/{rel}","templated":true}]}}