{"id":3667,"date":"2022-06-03T09:07:00","date_gmt":"2022-06-03T14:07:00","guid":{"rendered":"https:\/\/congresogro.gob.mx\/63\/inicio\/?p=3667"},"modified":"2022-06-06T11:04:24","modified_gmt":"2022-06-06T16:04:24","slug":"invita-iepen-a-participar-en-el-conversatorio-la-transicion-politica-en-guerrero-con-perspectiva-de-genero","status":"publish","type":"post","link":"https:\/\/congresogro.gob.mx\/63\/inicio\/2022\/06\/03\/invita-iepen-a-participar-en-el-conversatorio-la-transicion-politica-en-guerrero-con-perspectiva-de-genero\/","title":{"rendered":"INVITA IEPEN A PARTICIPAR EN EL CONVERSATORIO \u00abLA TRANSICI\u00d3N POL\u00cdTICA EN GUERRERO CON PERSPECTIVA DE G\u00c9NERO\u00bb"},"content":{"rendered":"<p style=\"text-align: justify;\"><strong>Chilpancingo, Gro., a 03 de junio 2022.- <\/strong>El presidente del Comit\u00e9 del Instituto de Estudios Parlamentarios \u201cEduardo Neri\u201d diputado Antonio Helguera Jim\u00e9nez, hizo extensiva la invitaci\u00f3n a toda la poblaci\u00f3n para participar en el Conversatorio \u201cLa transici\u00f3n pol\u00edtica en Guerrero con perspectiva de g\u00e9nero\u201d, a realizarse el 06 de junio a las 10:30 de la ma\u00f1ana en las instalaciones del citado instituto.<\/p>\n<p style=\"text-align: justify;\">En entrevista, el legislador refiri\u00f3 que el objetivo de dicha actividad es reflexionar, evaluar y analizar la evoluci\u00f3n democr\u00e1tica que se vive actualmente, los avances que se tiene en relaci\u00f3n a la participaci\u00f3n de la mujer en el pasado proceso electoral para ocupar espacios p\u00fablicos y garantizar la perspectiva de g\u00e9nero.<\/p>\n<p style=\"text-align: justify;\">En relaci\u00f3n con lo anterior, resalt\u00f3 que una muestra de esos avances es que en la actualidad est\u00e1 al frente del Poder Ejecutivo una mujer y en el Legislativo, por primera vez, hay paridad total; es decir, son mitad diputados y mitad diputadas.<\/p>\n<p style=\"text-align: justify;\">Helguera Jim\u00e9nez inform\u00f3 que el conversatorio contar\u00e1 con la participaci\u00f3n de la presidenta de la Mesa Directiva, diputada Flor A\u00f1orve Ocampo; del presidente de la Junta de Coordinaci\u00f3n Pol\u00edtica, Alfredo S\u00e1nchez Esquivel; el maestro Jos\u00e9 In\u00e9s Betancourt Salgado, presidente del Tribunal Electoral del Estado; Luz Fabiola Matildes Gama, presidenta Consejera del Instituto Electoral y de Participaci\u00f3n Ciudadana, as\u00ed como representantes de partidos pol\u00edticos y diputadas y diputados de todas las fracciones pol\u00edticas que integran la LXIII Legislatura.<\/p>\n<p style=\"text-align: justify;\">Agreg\u00f3 que en el desarrollo de la actividad se abordar\u00e1n los retos que se enfrentan para hacer realidad la participaci\u00f3n de la ciudadan\u00eda en los procesos electorales y cu\u00e1les son las acciones que se deben implementar para avanzar en la transici\u00f3n pol\u00edtica en la entidad.<\/p>\n<p style=\"text-align: justify;\">Por otro lado, dijo que Comit\u00e9 del Instituto de Estudios Parlamentarios \u201cEduardo Neri\u201d cuenta con una amplia agenda de actividades, muchas de las cuales son parte del convenio de colaboraci\u00f3n entre el Poder Legislativo de Guerrero y el Senado de la Rep\u00fablica en coordinaci\u00f3n con Universidades, cuyo prop\u00f3sito es capacitar al personal del Congreso local y a la poblaci\u00f3n interesada.<\/p>\n<p style=\"text-align: justify;\">Los cursos que se estar\u00e1n impartiendo son: An\u00e1lisis pol\u00edtico estrat\u00e9gico, democracia y ciudadan\u00eda, Competitividad en los gobiernos locales, Pol\u00edticas p\u00fablicas para el sector agropecuario, Finanzas p\u00fablicas municipales, Gesti\u00f3n organizacional y Simplificaci\u00f3n administrativa, Elaboraci\u00f3n de iniciativas de ley y Dictamen legislativo, entre otros.<\/p>\n","protected":false},"excerpt":{"rendered":"<p>Chilpancingo, Gro., a 03 de junio 2022.- El presidente del Comit\u00e9 del Instituto de Estudios Parlamentarios \u201cEduardo Neri\u201d diputado Antonio Helguera Jim\u00e9nez, hizo extensiva la invitaci\u00f3n a toda la poblaci\u00f3n para participar en el Conversatorio \u201cLa transici\u00f3n pol\u00edtica en Guerrero con perspectiva de g\u00e9nero\u201d, a realizarse el 06 de junio a las 10:30 de la&#8230;<\/p>\n","protected":false},"author":1,"featured_media":3669,"comment_status":"closed","ping_status":"open","sticky":false,"template":"","format":"standard","meta":{"_monsterinsights_skip_tracking":false,"_monsterinsights_sitenote_active":false,"_monsterinsights_sitenote_note":"","_monsterinsights_sitenote_category":0,"footnotes":""},"categories":[17,3],"tags":[],"class_list":["post-3667","post","type-post","status-publish","format-standard","has-post-thumbnail","hentry","category-antonio-helguera-jimenez","category-boletin"],"aioseo_notices":[],"_links":{"self":[{"href":"https:\/\/congresogro.gob.mx\/63\/inicio\/wp-json\/wp\/v2\/posts\/3667","targetHints":{"allow":["GET"]}}],"collection":[{"href":"https:\/\/congresogro.gob.mx\/63\/inicio\/wp-json\/wp\/v2\/posts"}],"about":[{"href":"https:\/\/congresogro.gob.mx\/63\/inicio\/wp-json\/wp\/v2\/types\/post"}],"author":[{"embeddable":true,"href":"https:\/\/congresogro.gob.mx\/63\/inicio\/wp-json\/wp\/v2\/users\/1"}],"replies":[{"embeddable":true,"href":"https:\/\/congresogro.gob.mx\/63\/inicio\/wp-json\/wp\/v2\/comments?post=3667"}],"version-history":[{"count":2,"href":"https:\/\/congresogro.gob.mx\/63\/inicio\/wp-json\/wp\/v2\/posts\/3667\/revisions"}],"predecessor-version":[{"id":3671,"href":"https:\/\/congresogro.gob.mx\/63\/inicio\/wp-json\/wp\/v2\/posts\/3667\/revisions\/3671"}],"wp:featuredmedia":[{"embeddable":true,"href":"https:\/\/congresogro.gob.mx\/63\/inicio\/wp-json\/wp\/v2\/media\/3669"}],"wp:attachment":[{"href":"https:\/\/congresogro.gob.mx\/63\/inicio\/wp-json\/wp\/v2\/media?parent=3667"}],"wp:term":[{"taxonomy":"category","embeddable":true,"href":"https:\/\/congresogro.gob.mx\/63\/inicio\/wp-json\/wp\/v2\/categories?post=3667"},{"taxonomy":"post_tag","embeddable":true,"href":"https:\/\/congresogro.gob.mx\/63\/inicio\/wp-json\/wp\/v2\/tags?post=3667"}],"curies":[{"name":"wp","href":"https:\/\/api.w.org\/{rel}","templated":true}]}}