{"id":3662,"date":"2022-06-02T09:38:53","date_gmt":"2022-06-02T14:38:53","guid":{"rendered":"https:\/\/congresogro.gob.mx\/63\/inicio\/?p=3662"},"modified":"2022-06-03T09:45:12","modified_gmt":"2022-06-03T14:45:12","slug":"analizan-en-el-congreso-un-exhorto-para-la-formalizacion-del-instituto-de-cambio-climatico","status":"publish","type":"post","link":"https:\/\/congresogro.gob.mx\/63\/inicio\/2022\/06\/02\/analizan-en-el-congreso-un-exhorto-para-la-formalizacion-del-instituto-de-cambio-climatico\/","title":{"rendered":"ANALIZAN EN EL CONGRESO UN EXHORTO PARA LA FORMALIZACI\u00d3N DEL INSTITUTO DE CAMBIO CLIM\u00c1TICO"},"content":{"rendered":"<p style=\"text-align: justify;\"><strong>Chilpancingo, Gro., 02 <\/strong><strong>de junio de 2022.- <\/strong>El diputado Fortunato Hern\u00e1ndez Carbajal present\u00f3 una propuesta de acuerdo parlamentario para exhortar a la titular del Poder Ejecutivo del estado, Mtra. Evelyn Cecia Salgado Pineda, a efecto de que formalice la creaci\u00f3n del Instituto de Cambio Clim\u00e1tico del Estado de Guerrero.<\/p>\n<p style=\"text-align: justify;\">El legislador expuso desde tribuna que, de acuerdo con la Agenda 2030 para el Desarrollo Sostenible aprobada en el 2015, las naciones deben adoptar medidas urgentes para combatir el cambio clim\u00e1tico y sus efectos de impacto negativo en la salud y econom\u00edas.<\/p>\n<p style=\"text-align: justify;\">Indic\u00f3, asimismo, que en el 2012 entr\u00f3 en vigor la Ley General de Cambio Clim\u00e1tico, cuyo objeto es regular las emisiones de gases y compuestos de efecto invernadero, para que M\u00e9xico contribuya a lograr la estabilizaci\u00f3n de sus concentraciones en la atm\u00f3sfera a un nivel que impida interferencias antrop\u00f3genas peligrosas en el sistema clim\u00e1tico, considerando lo previsto en la Convenci\u00f3n de las Naciones Unidas sobre cambio clim\u00e1tico.<\/p>\n<p style=\"text-align: justify;\">Abund\u00f3 que en el 2013 el Gobierno de M\u00e9xico puso en marcha una estrategia nacional de cambio clim\u00e1tico, convirti\u00e9ndose en el instrumento rector de la pol\u00edtica nacional en mediano y largo plazo para enfrentar sus efectos y transitar hacia una econom\u00eda competitiva, sustentable y de bajas emisiones de carbono.<\/p>\n<p style=\"text-align: justify;\">Dijo que esta estrategia describe los ejes y las l\u00edneas de acci\u00f3n a seguir en base a la informaci\u00f3n disponible del entorno presente y futuro, y orienta las pol\u00edticas de los tres \u00f3rdenes de gobierno, entre las cuales est\u00e1 promover una cultura clim\u00e1tica para educar, informar y sensibilizar, mediante campa\u00f1as masivas de comunicaci\u00f3n y programas de capacitaci\u00f3n, en torno a patrones de producci\u00f3n y consumo sustentables.<\/p>\n<p style=\"text-align: justify;\">Hern\u00e1ndez Carbajal refiri\u00f3 que en el 2015 el Congreso aprob\u00f3 la Ley de Cambio Clim\u00e1tico del Estado de Guerrero, que se\u00f1ala que corresponde al titular del Poder Ejecutivo estatal, a trav\u00e9s de las dependencias del ramo, formular, regular, dirigir e instrumentar acciones de mitigaci\u00f3n y adaptaci\u00f3n al cambio clim\u00e1tico, adem\u00e1s de la creaci\u00f3n del Instituto de Cambio Clim\u00e1tico, lo que a la fecha no se ha logrado.<\/p>\n<p style=\"text-align: justify;\">A\u00f1adi\u00f3 que dicho instituto permitir\u00e1 conocer el porqu\u00e9 de algunos problemas ambientales que se han registrado en esta entidad en los \u00faltimos a\u00f1os, como la reciente muerte de miles de peces en la laguna de Chautengo y en la presa \u201cAndr\u00e9s Figueroa\u201d de Ajuchitl\u00e1n del Progreso.<\/p>\n<p style=\"text-align: justify;\">Esta propuesta fue turnada a la Comisi\u00f3n de Recursos Naturales, Desarrollo Sustentable y Cambio Clim\u00e1tico, para su an\u00e1lisis y dictaminaci\u00f3n conducentes.<\/p>\n","protected":false},"excerpt":{"rendered":"<p>Chilpancingo, Gro., 02 de junio de 2022.- El diputado Fortunato Hern\u00e1ndez Carbajal present\u00f3 una propuesta de acuerdo parlamentario para exhortar a la titular del Poder Ejecutivo del estado, Mtra. Evelyn Cecia Salgado Pineda, a efecto de que formalice la creaci\u00f3n del Instituto de Cambio Clim\u00e1tico del Estado de Guerrero. El legislador expuso desde tribuna que,&#8230;<\/p>\n","protected":false},"author":1,"featured_media":3664,"comment_status":"closed","ping_status":"open","sticky":false,"template":"","format":"standard","meta":{"_monsterinsights_skip_tracking":false,"_monsterinsights_sitenote_active":false,"_monsterinsights_sitenote_note":"","_monsterinsights_sitenote_category":0,"footnotes":""},"categories":[3,44],"tags":[],"class_list":["post-3662","post","type-post","status-publish","format-standard","has-post-thumbnail","hentry","category-boletin","category-fortunato-hernandez-carbajal"],"aioseo_notices":[],"_links":{"self":[{"href":"https:\/\/congresogro.gob.mx\/63\/inicio\/wp-json\/wp\/v2\/posts\/3662","targetHints":{"allow":["GET"]}}],"collection":[{"href":"https:\/\/congresogro.gob.mx\/63\/inicio\/wp-json\/wp\/v2\/posts"}],"about":[{"href":"https:\/\/congresogro.gob.mx\/63\/inicio\/wp-json\/wp\/v2\/types\/post"}],"author":[{"embeddable":true,"href":"https:\/\/congresogro.gob.mx\/63\/inicio\/wp-json\/wp\/v2\/users\/1"}],"replies":[{"embeddable":true,"href":"https:\/\/congresogro.gob.mx\/63\/inicio\/wp-json\/wp\/v2\/comments?post=3662"}],"version-history":[{"count":1,"href":"https:\/\/congresogro.gob.mx\/63\/inicio\/wp-json\/wp\/v2\/posts\/3662\/revisions"}],"predecessor-version":[{"id":3665,"href":"https:\/\/congresogro.gob.mx\/63\/inicio\/wp-json\/wp\/v2\/posts\/3662\/revisions\/3665"}],"wp:featuredmedia":[{"embeddable":true,"href":"https:\/\/congresogro.gob.mx\/63\/inicio\/wp-json\/wp\/v2\/media\/3664"}],"wp:attachment":[{"href":"https:\/\/congresogro.gob.mx\/63\/inicio\/wp-json\/wp\/v2\/media?parent=3662"}],"wp:term":[{"taxonomy":"category","embeddable":true,"href":"https:\/\/congresogro.gob.mx\/63\/inicio\/wp-json\/wp\/v2\/categories?post=3662"},{"taxonomy":"post_tag","embeddable":true,"href":"https:\/\/congresogro.gob.mx\/63\/inicio\/wp-json\/wp\/v2\/tags?post=3662"}],"curies":[{"name":"wp","href":"https:\/\/api.w.org\/{rel}","templated":true}]}}