{"id":3653,"date":"2022-06-01T09:13:18","date_gmt":"2022-06-01T14:13:18","guid":{"rendered":"https:\/\/congresogro.gob.mx\/63\/inicio\/?p=3653"},"modified":"2022-06-02T09:14:14","modified_gmt":"2022-06-02T14:14:14","slug":"analizan-exhorto-en-el-congreso-para-garantizar-una-adecuada-atencion-obstetrica","status":"publish","type":"post","link":"https:\/\/congresogro.gob.mx\/63\/inicio\/2022\/06\/01\/analizan-exhorto-en-el-congreso-para-garantizar-una-adecuada-atencion-obstetrica\/","title":{"rendered":"ANALIZAN EXHORTO EN EL CONGRESO PARA  GARANTIZAR UNA ADECUADA ATENCI\u00d3N OBST\u00c9TRICA"},"content":{"rendered":"<p style=\"text-align: justify;\"><strong>Chilpancingo, Gro., 01 <\/strong><strong>de junio de 2022.- <\/strong>A la Comisi\u00f3n legislativa de Salud se turn\u00f3 un exhorto al Gobierno Estatal para que realice un diagn\u00f3stico de las necesidades de recursos materiales y humanos que presentan los hospitales del Sistema de Salud del Estado, as\u00ed como una planeaci\u00f3n presupuestal que permita que cuenten con lo necesario para brindar un buen servicio en materia de atenci\u00f3n obst\u00e9trica.<\/p>\n<p style=\"text-align: justify;\">Dicho exhorto que fue propuesto por la diputada Jennyfer Garc\u00eda Lucena (PRD) tambi\u00e9n contempla exhortar a la Secretar\u00eda de Salud para que dise\u00f1e e imparta cursos intensivos integrales de capacitaci\u00f3n a todos los servidores p\u00fablicos adscritos a las Unidades M\u00e9dicas de Primero y Segundo Nivel, que permitan brindar una atenci\u00f3n de calidad y con perspectiva de g\u00e9nero a las mujeres guerrerenses.<\/p>\n<p style=\"text-align: justify;\">Al presentar el exhorto, la legisladora manifest\u00f3 que en los \u00faltimos meses Guerrero ha sido noticia nivel nacional por las numerosas denuncias contra hospitales del Sector Salud por la indebida atenci\u00f3n a las mujeres embarazadas, ante la falta de equipamiento y personal.<\/p>\n<p style=\"text-align: justify;\">Dijo que aun cuando Guerrero es uno de los pocos estados que contempla en su C\u00f3digo Penal la violencia obst\u00e9trica como delito, con dos y hasta ocho a\u00f1os de prisi\u00f3n y de 200 a 500 d\u00edas de salario m\u00ednimo a quien la cometa, esta medida ha resultado insuficiente, pues se siguen presentando casos.<\/p>\n<p style=\"text-align: justify;\">A\u00f1adi\u00f3 que \u201cla violencia obst\u00e9trica es una problem\u00e1tica que se debe atender en todos los niveles de atenci\u00f3n a la salud de la mujer, como una forma de eliminar la discriminaci\u00f3n, pero sobre todo para evitar que se siga generando cualquier indicio de violencia contra \u00e9stas, para lo cual los profesionales de la salud deben estar plenamente capacitados en la atenci\u00f3n con enfoque de g\u00e9nero\u201d.<\/p>\n<p style=\"text-align: justify;\">En ese sentido, refiri\u00f3 que el Estado tiene la obligaci\u00f3n de proteger el derecho a la salud mediante la organizaci\u00f3n y puesta en funcionamiento de los medios que se consideran necesarios para acceder a ella, y toda vez que los datos arrojan que en los Centros de Salud y hospitales existe una atenci\u00f3n m\u00e9dica que violenta los derechos humanos de las mujeres, sobre todo las que se encuentran embarazadas, se hace necesario que se realicen acciones urgentes que tengan como objetivo incidir en la disminuci\u00f3n y erradicaci\u00f3n de la violencia obst\u00e9trica.<\/p>\n<p style=\"text-align: justify;\">Por lo anterior, propuso exhortar a la Secretar\u00eda de Salud estatal para que realice un diagn\u00f3stico integral de la atenci\u00f3n que se brinda a las mujeres embarazadas en las unidades m\u00e9dicas de primero y segundo nivel de atenci\u00f3n, observando que exista la suficiencia de recursos materiales y humanos, y para que se dise\u00f1en e impartan cursos intensivos integrales de capacitaci\u00f3n a todos los servidores p\u00fablicos adscritos, que permita brindar una atenci\u00f3n de calidad y con perspectiva de g\u00e9nero a las mujeres guerrerenses.<\/p>\n","protected":false},"excerpt":{"rendered":"<p>Chilpancingo, Gro., 01 de junio de 2022.- A la Comisi\u00f3n legislativa de Salud se turn\u00f3 un exhorto al Gobierno Estatal para que realice un diagn\u00f3stico de las necesidades de recursos materiales y humanos que presentan los hospitales del Sistema de Salud del Estado, as\u00ed como una planeaci\u00f3n presupuestal que permita que cuenten con lo necesario&#8230;<\/p>\n","protected":false},"author":1,"featured_media":3655,"comment_status":"closed","ping_status":"open","sticky":false,"template":"","format":"standard","meta":{"_monsterinsights_skip_tracking":false,"_monsterinsights_sitenote_active":false,"_monsterinsights_sitenote_note":"","_monsterinsights_sitenote_category":0,"footnotes":""},"categories":[3,35],"tags":[],"class_list":["post-3653","post","type-post","status-publish","format-standard","has-post-thumbnail","hentry","category-boletin","category-jennyfer-garcia-lucena"],"aioseo_notices":[],"_links":{"self":[{"href":"https:\/\/congresogro.gob.mx\/63\/inicio\/wp-json\/wp\/v2\/posts\/3653","targetHints":{"allow":["GET"]}}],"collection":[{"href":"https:\/\/congresogro.gob.mx\/63\/inicio\/wp-json\/wp\/v2\/posts"}],"about":[{"href":"https:\/\/congresogro.gob.mx\/63\/inicio\/wp-json\/wp\/v2\/types\/post"}],"author":[{"embeddable":true,"href":"https:\/\/congresogro.gob.mx\/63\/inicio\/wp-json\/wp\/v2\/users\/1"}],"replies":[{"embeddable":true,"href":"https:\/\/congresogro.gob.mx\/63\/inicio\/wp-json\/wp\/v2\/comments?post=3653"}],"version-history":[{"count":1,"href":"https:\/\/congresogro.gob.mx\/63\/inicio\/wp-json\/wp\/v2\/posts\/3653\/revisions"}],"predecessor-version":[{"id":3656,"href":"https:\/\/congresogro.gob.mx\/63\/inicio\/wp-json\/wp\/v2\/posts\/3653\/revisions\/3656"}],"wp:featuredmedia":[{"embeddable":true,"href":"https:\/\/congresogro.gob.mx\/63\/inicio\/wp-json\/wp\/v2\/media\/3655"}],"wp:attachment":[{"href":"https:\/\/congresogro.gob.mx\/63\/inicio\/wp-json\/wp\/v2\/media?parent=3653"}],"wp:term":[{"taxonomy":"category","embeddable":true,"href":"https:\/\/congresogro.gob.mx\/63\/inicio\/wp-json\/wp\/v2\/categories?post=3653"},{"taxonomy":"post_tag","embeddable":true,"href":"https:\/\/congresogro.gob.mx\/63\/inicio\/wp-json\/wp\/v2\/tags?post=3653"}],"curies":[{"name":"wp","href":"https:\/\/api.w.org\/{rel}","templated":true}]}}