{"id":3625,"date":"2022-05-30T09:00:37","date_gmt":"2022-05-30T14:00:37","guid":{"rendered":"https:\/\/congresogro.gob.mx\/63\/inicio\/?p=3625"},"modified":"2022-05-31T09:01:57","modified_gmt":"2022-05-31T14:01:57","slug":"analiza-congreso-y-municipios-la-creacion-de-bibliotecas-deportivas-en-escuelas-de-nivel-basico","status":"publish","type":"post","link":"https:\/\/congresogro.gob.mx\/63\/inicio\/2022\/05\/30\/analiza-congreso-y-municipios-la-creacion-de-bibliotecas-deportivas-en-escuelas-de-nivel-basico\/","title":{"rendered":"ANALIZA CONGRESO Y MUNICIPIOS LA CREACI\u00d3N DE BIBLIOTECAS DEPORTIVAS EN ESCUELAS DE NIVEL B\u00c1SICO"},"content":{"rendered":"<p style=\"font-weight: 400; text-align: justify;\">La presidenta de la Comisi\u00f3n de los Derechos de las Ni\u00f1as, Ni\u00f1os y Adolescentes del Congreso del Estado, diputada Beatriz Mojica Morga, junto al presidente de la Asociaci\u00f3n de Bibliotecas Deportivas, A.C., Carlos Delgado Talavera, sostuvieron un encuentro con autoridades municipales del ramo educativo para promover la implementaci\u00f3n del programa \u00abBibliotecas Deportivas\u00bb, que consiste en habilitar espacios al interior de las escuelas primarias que cuenten con matr\u00edcula de aproximadamente 300 estudiantes, en las que se promueva el h\u00e1bito de la lectura, una nutrici\u00f3n sana y la cultura del deporte, que combata problemas de salud como la obesidad y, a la vez, coadyuve en la erradicaci\u00f3n de la violencia al interior de las instituciones y por una convivencia sana en la calle y los hogares.<\/p>\n<p style=\"font-weight: 400; text-align: justify;\">Asistieron representantes de los ayuntamientos municipios de Chilpancingo, Iguala, Tixtla, Ometepec, Taxco, Leonardo Bravo, San Marcos, Petatl\u00e1n, Zihuatanejo, Teloloapan y Atoyac, entre otros.<\/p>\n","protected":false},"excerpt":{"rendered":"<p>La presidenta de la Comisi\u00f3n de los Derechos de las Ni\u00f1as, Ni\u00f1os y Adolescentes del Congreso del Estado, diputada Beatriz Mojica Morga, junto al presidente de la Asociaci\u00f3n de Bibliotecas Deportivas, A.C., Carlos Delgado Talavera, sostuvieron un encuentro con autoridades municipales del ramo educativo para promover la implementaci\u00f3n del programa \u00abBibliotecas Deportivas\u00bb, que consiste en&#8230;<\/p>\n","protected":false},"author":1,"featured_media":3627,"comment_status":"closed","ping_status":"open","sticky":false,"template":"","format":"standard","meta":{"_monsterinsights_skip_tracking":false,"_monsterinsights_sitenote_active":false,"_monsterinsights_sitenote_note":"","_monsterinsights_sitenote_category":0,"footnotes":""},"categories":[13,3],"tags":[],"class_list":["post-3625","post","type-post","status-publish","format-standard","has-post-thumbnail","hentry","category-beatriz-mojica-morga","category-boletin"],"aioseo_notices":[],"_links":{"self":[{"href":"https:\/\/congresogro.gob.mx\/63\/inicio\/wp-json\/wp\/v2\/posts\/3625","targetHints":{"allow":["GET"]}}],"collection":[{"href":"https:\/\/congresogro.gob.mx\/63\/inicio\/wp-json\/wp\/v2\/posts"}],"about":[{"href":"https:\/\/congresogro.gob.mx\/63\/inicio\/wp-json\/wp\/v2\/types\/post"}],"author":[{"embeddable":true,"href":"https:\/\/congresogro.gob.mx\/63\/inicio\/wp-json\/wp\/v2\/users\/1"}],"replies":[{"embeddable":true,"href":"https:\/\/congresogro.gob.mx\/63\/inicio\/wp-json\/wp\/v2\/comments?post=3625"}],"version-history":[{"count":1,"href":"https:\/\/congresogro.gob.mx\/63\/inicio\/wp-json\/wp\/v2\/posts\/3625\/revisions"}],"predecessor-version":[{"id":3628,"href":"https:\/\/congresogro.gob.mx\/63\/inicio\/wp-json\/wp\/v2\/posts\/3625\/revisions\/3628"}],"wp:featuredmedia":[{"embeddable":true,"href":"https:\/\/congresogro.gob.mx\/63\/inicio\/wp-json\/wp\/v2\/media\/3627"}],"wp:attachment":[{"href":"https:\/\/congresogro.gob.mx\/63\/inicio\/wp-json\/wp\/v2\/media?parent=3625"}],"wp:term":[{"taxonomy":"category","embeddable":true,"href":"https:\/\/congresogro.gob.mx\/63\/inicio\/wp-json\/wp\/v2\/categories?post=3625"},{"taxonomy":"post_tag","embeddable":true,"href":"https:\/\/congresogro.gob.mx\/63\/inicio\/wp-json\/wp\/v2\/tags?post=3625"}],"curies":[{"name":"wp","href":"https:\/\/api.w.org\/{rel}","templated":true}]}}