{"id":3621,"date":"2022-05-27T16:05:53","date_gmt":"2022-05-27T21:05:53","guid":{"rendered":"https:\/\/congresogro.gob.mx\/63\/inicio\/?p=3621"},"modified":"2022-05-27T16:05:53","modified_gmt":"2022-05-27T21:05:53","slug":"analizan-inscribir-en-el-muro-de-honor-del-congreso-los-nombres-de-las-lenguas-nahuatl-tuun-savi-mephaa-y-nnanncue-nomdaa","status":"publish","type":"post","link":"https:\/\/congresogro.gob.mx\/63\/inicio\/2022\/05\/27\/analizan-inscribir-en-el-muro-de-honor-del-congreso-los-nombres-de-las-lenguas-nahuatl-tuun-savi-mephaa-y-nnanncue-nomdaa\/","title":{"rendered":"ANALIZAN INSCRIBIR EN EL MURO DE HONOR DEL CONGRESO LOS NOMBRES DE LAS LENGUAS N\u00c1HUATL, TU\u2019UN SAVI, ME\u2019PHAA Y NN\u2019ANNCUE \u00d1OMDAA"},"content":{"rendered":"<p style=\"text-align: justify;\"><strong>Chilpancingo, Gro., a 27 de mayo 2022<\/strong>.- La Junta de Coordinaci\u00f3n Pol\u00edtica del Congreso del Estado analiza una iniciativa para inscribir con letras doradas en el Muro de Honor del Sal\u00f3n de Sesiones \u00abPrimer Congreso de An\u00e1huac\u00bb las lenguas maternas N\u00e1huatl, Na\u2019Savi, Me\u2019Phaa y Nn\u2019anncue \u00d1omdaa.<\/p>\n<p style=\"text-align: justify;\">La propuesta fue presentada por el diputado Masedonio Mendoza Basurto (Morena), quien resalt\u00f3 la importancia de la preservaci\u00f3n de las lenguas maternas, por considerarse patrimonio y cultura de los pueblos.<\/p>\n<p style=\"text-align: justify;\">Agreg\u00f3 que de acuerdo con datos proporcionados por el Instituto Nacional de lenguas Ind\u00edgenas, en Guerrero viven aproximadamente un mill\u00f3n 198 mil ind\u00edgenas, divididos en cuatro pueblos y lenguas: mixtecos, amuzgos, tlapanecos y nahuas.<\/p>\n<p style=\"text-align: justify;\">El diputado explic\u00f3 que para evitar la desaparici\u00f3n de las lenguas originarias o maternas, las Organizaci\u00f3n de las Naciones Unidas declar\u00f3 el Decenio lnternacional de las Lenguas ind\u00edgenas 2022-2032, con el objetivo de llamar la atenci\u00f3n del mundo sobre la p\u00e9rdida de las lenguas ind\u00edgenas y Ia urgente necesidad de preservarlas, revitalizarlas y promoverlas, adem\u00e1s de tomar medidas urgentes a nivel nacional e internacional para proteger a las poblaciones hablantes de las lenguas maternas que con frecuencia sufren situaciones de racismo y discriminaci\u00f3n.<\/p>\n<p style=\"text-align: justify;\">Basurto Mendoza agreg\u00f3 que, si bien es cierto hay avances en las pol\u00edticas p\u00fablicas en favor de las culturas de los pueblos originarios, es necesario que los tres niveles de gobierno sigan trabajando en la legislaci\u00f3n local y nacional para evitar su desaparici\u00f3n, pero tambi\u00e9n la poblaci\u00f3n debe sumarse a dichas acciones para que las lenguas maternas N\u00e1huatl, Tu&#8217;un Savi, Me\u2019Phaa y Nn\u2019anncue \u00d1omdaa sigan siendo parte de la cultura, riqueza, esencia, historia y tradiciones que definen la identidad de este estado.<\/p>\n","protected":false},"excerpt":{"rendered":"<p>Chilpancingo, Gro., a 27 de mayo 2022.- La Junta de Coordinaci\u00f3n Pol\u00edtica del Congreso del Estado analiza una iniciativa para inscribir con letras doradas en el Muro de Honor del Sal\u00f3n de Sesiones \u00abPrimer Congreso de An\u00e1huac\u00bb las lenguas maternas N\u00e1huatl, Na\u2019Savi, Me\u2019Phaa y Nn\u2019anncue \u00d1omdaa. La propuesta fue presentada por el diputado Masedonio Mendoza&#8230;<\/p>\n","protected":false},"author":1,"featured_media":3623,"comment_status":"closed","ping_status":"open","sticky":false,"template":"","format":"standard","meta":{"_monsterinsights_skip_tracking":false,"_monsterinsights_sitenote_active":false,"_monsterinsights_sitenote_note":"","_monsterinsights_sitenote_category":0,"footnotes":""},"categories":[3,9],"tags":[],"class_list":["post-3621","post","type-post","status-publish","format-standard","has-post-thumbnail","hentry","category-boletin","category-masedonio-mendoza-aburto"],"aioseo_notices":[],"_links":{"self":[{"href":"https:\/\/congresogro.gob.mx\/63\/inicio\/wp-json\/wp\/v2\/posts\/3621","targetHints":{"allow":["GET"]}}],"collection":[{"href":"https:\/\/congresogro.gob.mx\/63\/inicio\/wp-json\/wp\/v2\/posts"}],"about":[{"href":"https:\/\/congresogro.gob.mx\/63\/inicio\/wp-json\/wp\/v2\/types\/post"}],"author":[{"embeddable":true,"href":"https:\/\/congresogro.gob.mx\/63\/inicio\/wp-json\/wp\/v2\/users\/1"}],"replies":[{"embeddable":true,"href":"https:\/\/congresogro.gob.mx\/63\/inicio\/wp-json\/wp\/v2\/comments?post=3621"}],"version-history":[{"count":1,"href":"https:\/\/congresogro.gob.mx\/63\/inicio\/wp-json\/wp\/v2\/posts\/3621\/revisions"}],"predecessor-version":[{"id":3624,"href":"https:\/\/congresogro.gob.mx\/63\/inicio\/wp-json\/wp\/v2\/posts\/3621\/revisions\/3624"}],"wp:featuredmedia":[{"embeddable":true,"href":"https:\/\/congresogro.gob.mx\/63\/inicio\/wp-json\/wp\/v2\/media\/3623"}],"wp:attachment":[{"href":"https:\/\/congresogro.gob.mx\/63\/inicio\/wp-json\/wp\/v2\/media?parent=3621"}],"wp:term":[{"taxonomy":"category","embeddable":true,"href":"https:\/\/congresogro.gob.mx\/63\/inicio\/wp-json\/wp\/v2\/categories?post=3621"},{"taxonomy":"post_tag","embeddable":true,"href":"https:\/\/congresogro.gob.mx\/63\/inicio\/wp-json\/wp\/v2\/tags?post=3621"}],"curies":[{"name":"wp","href":"https:\/\/api.w.org\/{rel}","templated":true}]}}