{"id":343,"date":"2021-09-14T01:36:38","date_gmt":"2021-09-14T01:36:38","guid":{"rendered":"https:\/\/congresogro.gob.mx\/63\/inicio\/?p=343"},"modified":"2021-09-15T01:38:45","modified_gmt":"2021-09-15T01:38:45","slug":"llama-diputada-a-los-tres-ordenes-de-gobierno-para-que-entablen-coordinacion-y-ayuden-a-afectados-por-sismos-y-lluvias","status":"publish","type":"post","link":"https:\/\/congresogro.gob.mx\/63\/inicio\/2021\/09\/14\/llama-diputada-a-los-tres-ordenes-de-gobierno-para-que-entablen-coordinacion-y-ayuden-a-afectados-por-sismos-y-lluvias\/","title":{"rendered":"LLAMA DIPUTADA A LOS TRES \u00d3RDENES DE GOBIERNO PARA QUE ENTABLEN COORDINACI\u00d3N Y AYUDEN A AFECTADOS POR SISMOS Y LLUVIAS"},"content":{"rendered":"<p style=\"text-align: justify;\"><strong>Chilpancingo, Gro., 14 de septiembre de 2021.- <\/strong>La diputada Elzy Camacho Pineda hizo un llamado a los tres \u00f3rdenes de gobierno para que entablen estrecha y oportuna coordinaci\u00f3n, a efecto de apoyar a las y los guerrerenses afectados por el sismo del pasado 7 de septiembre, y por las lluvias que han ca\u00eddo recientemente.<\/p>\n<p style=\"text-align: justify;\">En entrevista, la diputada integrante del Grupo Parlamentario del PRD manifest\u00f3 que las personas viven horas de zozobra por los da\u00f1os sufridos en sus viviendas, patrimonio y refugio para sus familias, por lo que es necesario que todos los actores pol\u00edticos caminen juntos y unidos para ayudarlas a salir adelante.<\/p>\n<p style=\"text-align: justify;\">Se\u00f1al\u00f3 que estos eventos que azotan a la entidad, como sismos y huracanes, se deben atender de manera inmediata; sin embargo, critic\u00f3 que a la fecha el Consejo Nacional de Protecci\u00f3n Civil no se haya declarado en sesi\u00f3n permanente para garantizar el debido auxilio a la poblaci\u00f3n afectada.<\/p>\n<p style=\"text-align: justify;\">La legisladora tambi\u00e9n cuestion\u00f3 la desaparici\u00f3n del llamado Fondo de Desastres Naturales (Fonden), y dijo que no se sabe de d\u00f3nde se sacar\u00e1n los recursos para hacer frente a los da\u00f1os causados por desastres naturales. \u201cCon la extinci\u00f3n del Fondo no se estableci\u00f3 un mecanismo suficientemente claro y espec\u00edfico para que los gobiernos locales accedan a estos recursos\u201d, lament\u00f3.<\/p>\n<p style=\"text-align: justify;\">Manifest\u00f3 que el Gobierno Federal debe voltear a ver a Guerrero e informar, para que se tenga claro, c\u00f3mo se podr\u00e1 acceder a los recursos que eran del Fonden y se otorguen de manera inmediata los apoyos a las personas afectadas tanto por el sismo como por las lluvias.<\/p>\n<p style=\"text-align: justify;\">Llam\u00f3 tambi\u00e9n a la Federaci\u00f3n para que acuda a Guerrero a revisar toda la infraestructura y prevenir mayores desgracias ante alg\u00fan fen\u00f3meno natural que pueda ocurrir.<\/p>\n","protected":false},"excerpt":{"rendered":"<p>Chilpancingo, Gro., 14 de septiembre de 2021.- La diputada Elzy Camacho Pineda hizo un llamado a los tres \u00f3rdenes de gobierno para que entablen estrecha y oportuna coordinaci\u00f3n, a efecto de apoyar a las y los guerrerenses afectados por el sismo del pasado 7 de septiembre, y por las lluvias que han ca\u00eddo recientemente. En&#8230;<\/p>\n","protected":false},"author":1,"featured_media":344,"comment_status":"closed","ping_status":"open","sticky":false,"template":"","format":"standard","meta":{"_monsterinsights_skip_tracking":false,"_monsterinsights_sitenote_active":false,"_monsterinsights_sitenote_note":"","_monsterinsights_sitenote_category":0,"footnotes":""},"categories":[3,14],"tags":[],"class_list":["post-343","post","type-post","status-publish","format-standard","has-post-thumbnail","hentry","category-boletin","category-elzy-camacho-pineda"],"aioseo_notices":[],"_links":{"self":[{"href":"https:\/\/congresogro.gob.mx\/63\/inicio\/wp-json\/wp\/v2\/posts\/343","targetHints":{"allow":["GET"]}}],"collection":[{"href":"https:\/\/congresogro.gob.mx\/63\/inicio\/wp-json\/wp\/v2\/posts"}],"about":[{"href":"https:\/\/congresogro.gob.mx\/63\/inicio\/wp-json\/wp\/v2\/types\/post"}],"author":[{"embeddable":true,"href":"https:\/\/congresogro.gob.mx\/63\/inicio\/wp-json\/wp\/v2\/users\/1"}],"replies":[{"embeddable":true,"href":"https:\/\/congresogro.gob.mx\/63\/inicio\/wp-json\/wp\/v2\/comments?post=343"}],"version-history":[{"count":1,"href":"https:\/\/congresogro.gob.mx\/63\/inicio\/wp-json\/wp\/v2\/posts\/343\/revisions"}],"predecessor-version":[{"id":345,"href":"https:\/\/congresogro.gob.mx\/63\/inicio\/wp-json\/wp\/v2\/posts\/343\/revisions\/345"}],"wp:featuredmedia":[{"embeddable":true,"href":"https:\/\/congresogro.gob.mx\/63\/inicio\/wp-json\/wp\/v2\/media\/344"}],"wp:attachment":[{"href":"https:\/\/congresogro.gob.mx\/63\/inicio\/wp-json\/wp\/v2\/media?parent=343"}],"wp:term":[{"taxonomy":"category","embeddable":true,"href":"https:\/\/congresogro.gob.mx\/63\/inicio\/wp-json\/wp\/v2\/categories?post=343"},{"taxonomy":"post_tag","embeddable":true,"href":"https:\/\/congresogro.gob.mx\/63\/inicio\/wp-json\/wp\/v2\/tags?post=343"}],"curies":[{"name":"wp","href":"https:\/\/api.w.org\/{rel}","templated":true}]}}