{"id":3413,"date":"2022-05-12T09:02:39","date_gmt":"2022-05-12T14:02:39","guid":{"rendered":"https:\/\/congresogro.gob.mx\/63\/inicio\/?p=3413"},"modified":"2022-05-13T09:04:07","modified_gmt":"2022-05-13T14:04:07","slug":"continuan-diputados-en-el-analisis-del-plan-estatal-de-desarrollo-junto-a-secretarios-de-desarrollo-y-bienestar-social-y-de-educacion","status":"publish","type":"post","link":"https:\/\/congresogro.gob.mx\/63\/inicio\/2022\/05\/12\/continuan-diputados-en-el-analisis-del-plan-estatal-de-desarrollo-junto-a-secretarios-de-desarrollo-y-bienestar-social-y-de-educacion\/","title":{"rendered":"CONTIN\u00daAN DIPUTADOS EN EL AN\u00c1LISIS DEL PLAN ESTATAL DE DESARROLLO, JUNTO A SECRETARIOS DE DESARROLLO Y BIENESTAR SOCIAL Y DE EDUCACI\u00d3N"},"content":{"rendered":"<p style=\"text-align: justify;\"><strong>Chilpancingo, Gro., 12 de mayo de 2022<\/strong>.- Este mi\u00e9rcoles, la Comisi\u00f3n Especial para el An\u00e1lisis y Emisi\u00f3n del Dictamen del Plan Estatal de Desarrollo 2022-2027 del Congreso del Estado se reuni\u00f3 con los secretarios de Desarrollo y Bienestar Social y de Educaci\u00f3n, para analizar y perfeccionar los puntos que contempla el documento enviado por la titular del Ejecutivo estatal.<\/p>\n<p style=\"text-align: justify;\">Por la ma\u00f1ana, en la Sala \u201cJos\u00e9 Francisco Ruiz Massieu\u201d, las y los legisladores Jennyfer Garc\u00eda Lucena, Gloria Citlali Calixto Jim\u00e9nez, Marben de la Cruz Santiago, Osbaldo R\u00edos Manrique, Elzy Camacho Pineda, Jos\u00e9 Efr\u00e9n L\u00f3pez Cort\u00e9s, Alfredo S\u00e1nchez Esquivel y Carlos Reyes Torres, presidenta, secretaria y vocales de dicha Comisi\u00f3n, respectivamente, abordaron junto a la secretaria de Desarrollo y Bienestar Social, Mar\u00eda del Carmen Cabrera Lagunas, lo relacionado con las pol\u00edticas p\u00fablicas que se implementar\u00e1n para lograr el desarrollo integral de las familias guerrerenses.<\/p>\n<p style=\"text-align: justify;\">Los cuestionamientos de las y los legisladores versaron en el sentido de una mayor informaci\u00f3n sobre el diagn\u00f3stico realizado por la dependencia para abatir el rezago social; c\u00f3mo se garantizar\u00e1 el desarrollo humano y comunitario; las acciones para detener la migraci\u00f3n de los guerrerenses a otras entidades y pa\u00edses, y c\u00f3mo se planea erradicar la corrupci\u00f3n.<\/p>\n<p style=\"text-align: justify;\">Tambi\u00e9n se le cuestion\u00f3 sobre las acciones que se realizar\u00e1n para garantizar que los guerrerenses cuenten con mejores servicios p\u00fablicos, como electricidad, agua potable y drenaje, adem\u00e1s de mejores viviendas; los planes para detonar el desarrollo de los municipios de las siete regiones, y sobre los recursos con que se operar\u00e1n los programas de la dependencia.<\/p>\n<p style=\"text-align: justify;\">En su intervenci\u00f3n, la funcionaria estatal resalt\u00f3 que las propuestas establecidas en el documento son producto de la consulta realizada por el gobierno estatal a las y los guerrerenses, y contemplan rubros como mejores servicios p\u00fablicos, vivienda digna, alimentaci\u00f3n para ni\u00f1as y ni\u00f1os de las regiones con alta marginaci\u00f3n, desarrollo humano y comunitario, reconstrucci\u00f3n del tejido social y combate a la violencia, al rezago social y a la corrupci\u00f3n, adem\u00e1s de proyectos productivos para las mujeres.<\/p>\n<p style=\"text-align: justify;\">Refiri\u00f3 que se trabajar\u00e1 en coordinaci\u00f3n con las otras dependencias estatales y el Sistema Integral para la Familia (DIF) para implementar programas de alimentaci\u00f3n en favor de las ni\u00f1as, ni\u00f1os y adolescentes estudiantes de las regiones de alta y muy alta marginaci\u00f3n, para mejorar la infraestructura y calidad de la educaci\u00f3n, as\u00ed como en el cuidado del medio ambiente, del agua y en el fomento del reciclaje.<\/p>\n<p style=\"text-align: justify;\">Subray\u00f3 que los retos para sacar de la pobreza y marginaci\u00f3n a Guerrero son muchos, por lo cual se requiere de la cooperaci\u00f3n y coordinaci\u00f3n de los tres poderes y \u00f3rdenes de gobierno, que permita dar los mejores resultados a la sociedad.<\/p>\n<p style=\"text-align: justify;\">Continuando con la agenda, la Comisi\u00f3n Especial para el An\u00e1lisis y Emisi\u00f3n del Dictamen del Plan Estatal de Desarrollo 2022-2027 se reuni\u00f3 con el titular de la Secretar\u00eda de Educaci\u00f3n Guerrero (SEG), Marcial Rodr\u00edguez Salda\u00f1a, a efecto de despejar dudas respecto del sistema educativo, conocer las estrategias y l\u00edneas de acci\u00f3n que se implementar\u00e1n a lo largo y ancho de la entidad durante este periodo, conforme se plasman en el plan integral enviado por la jefa del Ejecutivo estatal.<\/p>\n<p style=\"text-align: justify;\">Durante el desarrollo de la reuni\u00f3n, las y los diputados preguntaron al secretario acerca de las medidas que se implementar\u00e1n para atender las demandas del personal docente, cu\u00e1l es el diagn\u00f3stico que la dependencia a su cargo tiene en materia de ense\u00f1anza e infraestructura, y con base a ello, c\u00f3mo se enfrentar\u00e1n los desaf\u00edos que la materia impone en un estado tan rezagado como Guerrero.<\/p>\n<p style=\"text-align: justify;\">Asimismo, cuestionaron sobre la estrategia a implementar para contar con personal docente suficientemente capacitado en todos los planteles, que permita elevar el nivel educativo en la entidad.<\/p>\n<p style=\"text-align: justify;\">Adem\u00e1s, se hizo la observaci\u00f3n de que dentro del Plan Estatal no se cuenta con un sistema de seguimiento, control y cumplimiento de las pol\u00edticas p\u00fablicas, programas y objetivos del ramo.<\/p>\n<p style=\"text-align: justify;\">En su oportunidad, el secretario dijo que la educaci\u00f3n es uno de los derechos fundamentales de las ni\u00f1as, ni\u00f1os y j\u00f3venes que el Estado debe garantizar, y est\u00e1 debe ser obligatoria, universal, inclusiva, p\u00fablica, gratuita y laica, principios incluidos en el Plan al que se estar\u00e1 apegando la administraci\u00f3n estatal.<\/p>\n<p style=\"text-align: justify;\">Asimismo, se congratul\u00f3, por la din\u00e1mica de di\u00e1logo que est\u00e1n teniendo el Poder Ejecutivo y el Legislativo, lo que acrecienta la oportunidad para lograr un Plan Estatal de Desarrollo plenamente analizado y perfeccionado, cuyo sello principal es el inter\u00e9s de brindar atenci\u00f3n a los sectores vulnerables, entre ellos la ni\u00f1ez y la adolescencia, aspecto que pasa por la trasformaci\u00f3n del sistema educativo en la entidad.<\/p>\n<p style=\"text-align: justify;\">Acompa\u00f1aron esta \u00faltima reuni\u00f3n los diputados Joaqu\u00edn Badillo Escamilla, Patricia Doroteo Calder\u00f3n, Yoloczin Dom\u00ednguez Serna, quienes fungen como vocales de este \u00f3rgano legislativo. Tambi\u00e9n particip\u00f3 el diputado Carlos Cruz L\u00f3pez.<\/p>\n","protected":false},"excerpt":{"rendered":"<p>Chilpancingo, Gro., 12 de mayo de 2022.- Este mi\u00e9rcoles, la Comisi\u00f3n Especial para el An\u00e1lisis y Emisi\u00f3n del Dictamen del Plan Estatal de Desarrollo 2022-2027 del Congreso del Estado se reuni\u00f3 con los secretarios de Desarrollo y Bienestar Social y de Educaci\u00f3n, para analizar y perfeccionar los puntos que contempla el documento enviado por la&#8230;<\/p>\n","protected":false},"author":1,"featured_media":3415,"comment_status":"closed","ping_status":"open","sticky":false,"template":"","format":"standard","meta":{"_monsterinsights_skip_tracking":false,"_monsterinsights_sitenote_active":false,"_monsterinsights_sitenote_note":"","_monsterinsights_sitenote_category":0,"footnotes":""},"categories":[3],"tags":[],"class_list":["post-3413","post","type-post","status-publish","format-standard","has-post-thumbnail","hentry","category-boletin"],"aioseo_notices":[],"_links":{"self":[{"href":"https:\/\/congresogro.gob.mx\/63\/inicio\/wp-json\/wp\/v2\/posts\/3413","targetHints":{"allow":["GET"]}}],"collection":[{"href":"https:\/\/congresogro.gob.mx\/63\/inicio\/wp-json\/wp\/v2\/posts"}],"about":[{"href":"https:\/\/congresogro.gob.mx\/63\/inicio\/wp-json\/wp\/v2\/types\/post"}],"author":[{"embeddable":true,"href":"https:\/\/congresogro.gob.mx\/63\/inicio\/wp-json\/wp\/v2\/users\/1"}],"replies":[{"embeddable":true,"href":"https:\/\/congresogro.gob.mx\/63\/inicio\/wp-json\/wp\/v2\/comments?post=3413"}],"version-history":[{"count":1,"href":"https:\/\/congresogro.gob.mx\/63\/inicio\/wp-json\/wp\/v2\/posts\/3413\/revisions"}],"predecessor-version":[{"id":3416,"href":"https:\/\/congresogro.gob.mx\/63\/inicio\/wp-json\/wp\/v2\/posts\/3413\/revisions\/3416"}],"wp:featuredmedia":[{"embeddable":true,"href":"https:\/\/congresogro.gob.mx\/63\/inicio\/wp-json\/wp\/v2\/media\/3415"}],"wp:attachment":[{"href":"https:\/\/congresogro.gob.mx\/63\/inicio\/wp-json\/wp\/v2\/media?parent=3413"}],"wp:term":[{"taxonomy":"category","embeddable":true,"href":"https:\/\/congresogro.gob.mx\/63\/inicio\/wp-json\/wp\/v2\/categories?post=3413"},{"taxonomy":"post_tag","embeddable":true,"href":"https:\/\/congresogro.gob.mx\/63\/inicio\/wp-json\/wp\/v2\/tags?post=3413"}],"curies":[{"name":"wp","href":"https:\/\/api.w.org\/{rel}","templated":true}]}}