{"id":340,"date":"2021-09-14T01:29:39","date_gmt":"2021-09-14T01:29:39","guid":{"rendered":"https:\/\/congresogro.gob.mx\/63\/inicio\/?p=340"},"modified":"2021-09-15T01:36:21","modified_gmt":"2021-09-15T01:36:21","slug":"reafirma-diputada-alejo-rayo-el-compromiso-de-trabajar-sin-tintes-partidistas-y-para-beneficio-de-la-colectividad","status":"publish","type":"post","link":"https:\/\/congresogro.gob.mx\/63\/inicio\/2021\/09\/14\/reafirma-diputada-alejo-rayo-el-compromiso-de-trabajar-sin-tintes-partidistas-y-para-beneficio-de-la-colectividad\/","title":{"rendered":"REAFIRMA DIPUTADA ALEJO RAYO EL COMPROMISO DE TRABAJAR SIN TINTES PARTIDISTAS Y PARA BENEFICIO DE LA COLECTIVIDAD"},"content":{"rendered":"<p style=\"text-align: justify;\"><strong>Chilpancingo, Gro., 14 de septiembre de 2021.- <\/strong>La diputada Jessica Iveth Alejo Rayo asegur\u00f3 que las y los diputados de la LXIII Legislatura se han comprometido a trabajar dejando de lado los colores partidistas e intereses personales, con el firme objeto de que el estado cuente con una mejor legislaci\u00f3n en beneficio de la colectividad.<\/p>\n<p style=\"text-align: justify;\">En entrevista, reconoci\u00f3 que con el paso de los a\u00f1os se han tenido importantes avances, y muestra de ello es la actual Legislatura que qued\u00f3 integrada por el 50 por ciento mujeres y el 50 por ciento hombres, logrando el principio de la paridad total, y esto gracias a la lucha de muchas f\u00e9minas que han trabajado para que sean incluidas en espacios de toma de decisiones.<\/p>\n<p style=\"text-align: justify;\">Sin embargo, la integrante del Grupo Parlamentario de Morena indic\u00f3 que si bien se ha avanzado, a\u00fan hay mucho por legislar en materia de paridad de g\u00e9nero y lograr la conquista de nuevas oportunidades, donde las mujeres sean una pieza fundamental para lograr un mejor desarrollo de las y los guerrerenses.<\/p>\n<p style=\"text-align: justify;\">Por lo anterior, Alejo Rayo extern\u00f3 que su agenda legislativa estar\u00e1 integrada por iniciativas de reforma tendentes a eliminar la brecha de desigualdad entre hombres y mujeres en los rubros de educaci\u00f3n y salud; reformas en favor de grupos vulnerables como las ni\u00f1as, ni\u00f1os, adolescentes, adultos mayores y mujeres, con el fin de erradicar cualquier tipo de maltrato y violaci\u00f3n de sus derechos.<\/p>\n<p style=\"text-align: justify;\">Adelant\u00f3 que este tipo de temas relacionados con la participaci\u00f3n e integraci\u00f3n social se incorporar\u00e1n en una agenda colectiva del Grupo Parlamentario de Morena que ser\u00e1 trabajada de manera conjunta, en busca de lograr un marco jur\u00eddico acorde a las necesidades actuales y que garantice mejores condiciones de vida a la poblaci\u00f3n.<\/p>\n","protected":false},"excerpt":{"rendered":"<p>Chilpancingo, Gro., 14 de septiembre de 2021.- La diputada Jessica Iveth Alejo Rayo asegur\u00f3 que las y los diputados de la LXIII Legislatura se han comprometido a trabajar dejando de lado los colores partidistas e intereses personales, con el firme objeto de que el estado cuente con una mejor legislaci\u00f3n en beneficio de la colectividad&#8230;.<\/p>\n","protected":false},"author":1,"featured_media":341,"comment_status":"closed","ping_status":"open","sticky":false,"template":"","format":"standard","meta":{"_monsterinsights_skip_tracking":false,"_monsterinsights_sitenote_active":false,"_monsterinsights_sitenote_note":"","_monsterinsights_sitenote_category":0,"footnotes":""},"categories":[3,10],"tags":[],"class_list":["post-340","post","type-post","status-publish","format-standard","has-post-thumbnail","hentry","category-boletin","category-jessica-ivette-alejo-rayo"],"aioseo_notices":[],"_links":{"self":[{"href":"https:\/\/congresogro.gob.mx\/63\/inicio\/wp-json\/wp\/v2\/posts\/340","targetHints":{"allow":["GET"]}}],"collection":[{"href":"https:\/\/congresogro.gob.mx\/63\/inicio\/wp-json\/wp\/v2\/posts"}],"about":[{"href":"https:\/\/congresogro.gob.mx\/63\/inicio\/wp-json\/wp\/v2\/types\/post"}],"author":[{"embeddable":true,"href":"https:\/\/congresogro.gob.mx\/63\/inicio\/wp-json\/wp\/v2\/users\/1"}],"replies":[{"embeddable":true,"href":"https:\/\/congresogro.gob.mx\/63\/inicio\/wp-json\/wp\/v2\/comments?post=340"}],"version-history":[{"count":1,"href":"https:\/\/congresogro.gob.mx\/63\/inicio\/wp-json\/wp\/v2\/posts\/340\/revisions"}],"predecessor-version":[{"id":342,"href":"https:\/\/congresogro.gob.mx\/63\/inicio\/wp-json\/wp\/v2\/posts\/340\/revisions\/342"}],"wp:featuredmedia":[{"embeddable":true,"href":"https:\/\/congresogro.gob.mx\/63\/inicio\/wp-json\/wp\/v2\/media\/341"}],"wp:attachment":[{"href":"https:\/\/congresogro.gob.mx\/63\/inicio\/wp-json\/wp\/v2\/media?parent=340"}],"wp:term":[{"taxonomy":"category","embeddable":true,"href":"https:\/\/congresogro.gob.mx\/63\/inicio\/wp-json\/wp\/v2\/categories?post=340"},{"taxonomy":"post_tag","embeddable":true,"href":"https:\/\/congresogro.gob.mx\/63\/inicio\/wp-json\/wp\/v2\/tags?post=340"}],"curies":[{"name":"wp","href":"https:\/\/api.w.org\/{rel}","templated":true}]}}