{"id":3363,"date":"2022-05-04T22:24:27","date_gmt":"2022-05-05T03:24:27","guid":{"rendered":"https:\/\/congresogro.gob.mx\/63\/inicio\/?p=3363"},"modified":"2022-05-05T11:31:34","modified_gmt":"2022-05-05T16:31:34","slug":"proponen-en-el-congreso-que-las-multas-del-tribunal-de-conciliacion-se-realicen-en-umas","status":"publish","type":"post","link":"https:\/\/congresogro.gob.mx\/63\/inicio\/2022\/05\/04\/proponen-en-el-congreso-que-las-multas-del-tribunal-de-conciliacion-se-realicen-en-umas\/","title":{"rendered":"PROPONEN EN EL CONGRESO QUE LAS MULTAS DEL  TRIBUNAL DE CONCILIACION SE REALICEN EN UMA\u2019S"},"content":{"rendered":"<p style=\"text-align: justify;\"><strong>Chilpancingo, Gro., a 04 de mayo de 2022<\/strong>.- Como parte de la desindexaci\u00f3n al salario m\u00ednimo, y para que las multas impuestas por el Tribunal de Conciliaci\u00f3n y Arbitraje sean actualizadas a la Unidad de Medida y Actualizaci\u00f3n (UMA), la diputada Yoloczin Lizbeth Dom\u00ednguez Serna present\u00f3 una iniciativa de reformas y adiciones a los art\u00edculos 95 y 96\u00a0 de la Ley n\u00famero 51 de Estatuto de los Trabajadores al Servicio del Estado, de los Municipios y los Organismos P\u00fablicos Coordinados y Descentralizados del Estado de Guerrero.<\/p>\n<p style=\"text-align: justify;\">La legisladora se\u00f1al\u00f3 que el 27 de enero de 2016 fue publicado en el Diario Oficial de la Federaci\u00f3n (DOF) el decreto mediante el cual se reform\u00f3 la Constituci\u00f3n Pol\u00edtica de M\u00e9xico para establecer la desindexaci\u00f3n del Salario M\u00ednimo General (SMG), y por la que el Instituto Nacional de Estad\u00edstica y Geograf\u00eda (INEGI) tendr\u00e1 a su cargo determinar el valor de la UMA.<\/p>\n<p style=\"text-align: justify;\">Se plante\u00f3, adem\u00e1s, que en un a\u00f1o a m\u00e1s tardar las administraciones p\u00fablicas federales, estatales y municipales deber\u00edan realizar las adecuaciones a las leyes de su competencia para que se eliminaran las referencias al Salario M\u00ednimo General, disposiciones que entraron en vigor el 28 de enero de 2016.<\/p>\n<p style=\"text-align: justify;\">Dom\u00ednguez Serna se\u00f1al\u00f3 que \u201cen el ejercicio de la vigencia y congruencia, es crucial para el debido ejercicio en los procedimientos legales que se establezcan correctamente los t\u00e9rminos y conceptos\u201d.<\/p>\n<p style=\"text-align: justify;\">En la iniciativa presentada por la legisladora se propone que el Tribunal, para hacer cumplir sus determinaciones, podr\u00e1 imponer multas de 15 y hasta 150 veces el valor diario de la UMA al o los servidores p\u00fablicos responsables, mismas que se har\u00e1n efectivas por la Secretar\u00eda de Finanzas y Administraci\u00f3n del Estado, instancia que informar\u00e1 al Tribunal de haber hecho efectiva la multa, se\u00f1alando los datos relativos que acrediten su cobro.<\/p>\n<p style=\"text-align: justify;\">Esta iniciativa fue turnada a la Comisi\u00f3n de Desarrollo Econ\u00f3mico y Trabajo para su an\u00e1lisis y dictaminaci\u00f3n correspondientes.<\/p>\n<p style=\"text-align: justify;\"><strong>Intervenciones<\/strong><\/p>\n<p style=\"text-align: justify;\">Al intervenir con el tema \u201cLa fiscalizaci\u00f3n de los recursos p\u00fablicos en la entidad\u201d, la diputada Alicia Zamora Villalva se\u00f1al\u00f3 que es necesario que se retomen con oportunidad y legalidad los asuntos pendientes, como es el nombramiento del o la titular de la Auditor\u00eda Superior del Estado (ASE).<\/p>\n<p style=\"text-align: justify;\">Consider\u00f3 urgente que se realice dicho nombramiento para que no existan vac\u00edos ni omisiones en la instituci\u00f3n fiscalizadora, cumpliendo con lo que estipulan las leyes en el Poder Legislativo.<\/p>\n<p style=\"text-align: justify;\">El diputado H\u00e9ctor Apreza Patr\u00f3n, en relaci\u00f3n con el mismo tema, manifest\u00f3 que dentro de un parlamento siempre habr\u00e1 enfoques y opiniones distintas, para lo cual se deben construir acuerdos dentro del marco de la ley.<\/p>\n<p style=\"text-align: justify;\">En ese sentido, indic\u00f3 que el actuar de las y los diputados est\u00e1 plasmado dentro de la Ley Org\u00e1nica del Poder Legislativo; sin embargo, no ha habido voluntad de orientar y coordinar los trabajos pol\u00edticos como corresponde.<\/p>\n<p style=\"text-align: justify;\">Participaron sobre el mismo tema la y los diputados Jacinto Gonz\u00e1lez Varona, Leticia Mosso Hern\u00e1ndez y Bernardo Ortega Jim\u00e9nez.<\/p>\n<p style=\"text-align: justify;\">Por su parte, la diputada Julieta Fern\u00e1ndez M\u00e1rquez hizo un llamado al Gobierno de la Rep\u00fablica y a la Secretar\u00eda de Educaci\u00f3n Federal para que reconsideren la desaparici\u00f3n del Programa de Escuelas de Tiempo Completo, por ser un servicio noble y de gran impacto social que ampl\u00eda las oportunidades de aprendizaje y desarrollo de la ni\u00f1ez.<\/p>\n<p style=\"text-align: justify;\">Record\u00f3 que dicho programa fue creado como una estrategia educativa para las escuelas p\u00fablicas en beneficio de las familias m\u00e1s vulnerables del pa\u00eds y de Guerrero, que en sus siete regiones presenta altos \u00edndices de marginaci\u00f3n y pobreza. Al respecto, intervino intervino tambi\u00e9n la diputada Mar\u00eda Flores Maldonado.<\/p>\n<p style=\"text-align: justify;\">En relaci\u00f3n con el tema de los feminicidios en la regi\u00f3n de la Monta\u00f1a y la falta de claridad en las acciones de la estrategia integral de justicia para las mujeres y ni\u00f1as, la diputada Leticia Mosso Hern\u00e1ndez lament\u00f3 que los gobiernos municipales, la Fiscal\u00eda General del Estado y la Secretar\u00eda de la Mujer no se hayan pronunciado por los asesinatos de mujeres.<\/p>\n<p style=\"text-align: justify;\">La legisladora calific\u00f3 lo anterior como evidencia de que falta un plan emergente para frenar estas acciones contra las mujeres, como lo exige la Alerta de Violencia de G\u00e9nero. Por ello, urgi\u00f3 a sus hom\u00f3logos para exigir acciones emergentes que vayan m\u00e1s all\u00e1 de la obligaci\u00f3n de una infraestructura b\u00e1sica, y hacer de los municipios lugares seguros para las mujeres y ni\u00f1as. En torno al tema particip\u00f3 tambi\u00e9n la diputada Yanelly Hern\u00e1ndez Mart\u00ednez.<\/p>\n<p style=\"text-align: justify;\">El diputado Fortunato Hern\u00e1ndez Carbajal particip\u00f3 en relaci\u00f3n con los derechos, reivindicaciones laborales y di\u00e1logo con los trabajadores de distintos sectores en la entidad. Dijo que de acuerdo con la Organizaci\u00f3n de las Naciones Unidas, los pa\u00edses deben proveer las condiciones adecuadas, dignas y remuneradas que permitan atender y sobrellevar sus condiciones familiares.<\/p>\n<p style=\"text-align: justify;\">Recalc\u00f3 que toda persona tiene derecho al trabajo, la protecci\u00f3n contra el desempleo, protecci\u00f3n contra la discriminaci\u00f3n, el pago salarial por igual, el descanso y disfrute del tiempo libre, y abund\u00f3 que se deben defender los derechos de las y los trabajadores con la inclusi\u00f3n de la justicia laboral, capacitaci\u00f3n, acceso a la salud, garant\u00eda de la seguridad social y con perspectiva de g\u00e9nero.<\/p>\n<p style=\"text-align: justify;\">Al participar con el tema de \u201cLibertad de Prensa y Gobernabilidad\u201d, el diputado Esteban Albarr\u00e1n Mendoza manifest\u00f3 que esta celebraci\u00f3n da la oportunidad de hacer las reflexiones necesarias sobre temas de gran inter\u00e9s que sensibilicen a la ciudadan\u00eda, pero tambi\u00e9n para llamar la atenci\u00f3n de los gobiernos sobre problemas pendientes sin resolver y que requieren pol\u00edticas p\u00fablicas concretas.<\/p>\n<p style=\"text-align: justify;\">A\u00f1adi\u00f3 que la fuerza del Estado debe convertirse en garante de ambos derechos, y tambi\u00e9n debe ser receptivo a la cr\u00edtica constructiva y a la divergencia de opiniones, siempre con pleno respeto al Estado de Derecho.<\/p>\n<p style=\"text-align: justify;\">Tambi\u00e9n hizo un llamado a la tolerancia, y rechazar el intento de crear zonas de silencio en torno a cualquier aspecto de la vida social y pol\u00edtica, ya que en una sociedad democr\u00e1tica las libertades no se imploran y tampoco se negocian, simplemente se ejercen.<\/p>\n<p style=\"text-align: justify;\">Mientras que el diputado Jes\u00fas Parra Garc\u00eda habl\u00f3 en torno a la iniciativa de reformas y adiciones al C\u00f3digo Penal del Estado en materia de aborto. Dijo que la primera lectura del dictamen en relaci\u00f3n con el tema no est\u00e1 enmarcada en los preceptos legales no conforme al procedimiento legislativo. En ese sentido, llam\u00f3 a sus hom\u00f3logos para que se respeten las facultades de cada una de las comisiones legislativas y pidi\u00f3 que se consulte a la ciudadan\u00eda que est\u00e1 a favor y en contra de la interrupci\u00f3n legal del embarazo para que d\u00e9 sus opiniones al respecto. Participaron en torno al mismo tema las diputadas Ana Lenis Res\u00e9ndiz Javier y Julieta Fern\u00e1ndez M\u00e1rquez.<\/p>\n","protected":false},"excerpt":{"rendered":"<p>Chilpancingo, Gro., a 04 de mayo de 2022.- Como parte de la desindexaci\u00f3n al salario m\u00ednimo, y para que las multas impuestas por el Tribunal de Conciliaci\u00f3n y Arbitraje sean actualizadas a la Unidad de Medida y Actualizaci\u00f3n (UMA), la diputada Yoloczin Lizbeth Dom\u00ednguez Serna present\u00f3 una iniciativa de reformas y adiciones a los art\u00edculos&#8230;<\/p>\n","protected":false},"author":1,"featured_media":3365,"comment_status":"closed","ping_status":"open","sticky":false,"template":"","format":"standard","meta":{"_monsterinsights_skip_tracking":false,"_monsterinsights_sitenote_active":false,"_monsterinsights_sitenote_note":"","_monsterinsights_sitenote_category":0,"footnotes":""},"categories":[3,15],"tags":[],"class_list":["post-3363","post","type-post","status-publish","format-standard","has-post-thumbnail","hentry","category-boletin","category-yoloczin-dominguez-serna"],"aioseo_notices":[],"_links":{"self":[{"href":"https:\/\/congresogro.gob.mx\/63\/inicio\/wp-json\/wp\/v2\/posts\/3363","targetHints":{"allow":["GET"]}}],"collection":[{"href":"https:\/\/congresogro.gob.mx\/63\/inicio\/wp-json\/wp\/v2\/posts"}],"about":[{"href":"https:\/\/congresogro.gob.mx\/63\/inicio\/wp-json\/wp\/v2\/types\/post"}],"author":[{"embeddable":true,"href":"https:\/\/congresogro.gob.mx\/63\/inicio\/wp-json\/wp\/v2\/users\/1"}],"replies":[{"embeddable":true,"href":"https:\/\/congresogro.gob.mx\/63\/inicio\/wp-json\/wp\/v2\/comments?post=3363"}],"version-history":[{"count":2,"href":"https:\/\/congresogro.gob.mx\/63\/inicio\/wp-json\/wp\/v2\/posts\/3363\/revisions"}],"predecessor-version":[{"id":3372,"href":"https:\/\/congresogro.gob.mx\/63\/inicio\/wp-json\/wp\/v2\/posts\/3363\/revisions\/3372"}],"wp:featuredmedia":[{"embeddable":true,"href":"https:\/\/congresogro.gob.mx\/63\/inicio\/wp-json\/wp\/v2\/media\/3365"}],"wp:attachment":[{"href":"https:\/\/congresogro.gob.mx\/63\/inicio\/wp-json\/wp\/v2\/media?parent=3363"}],"wp:term":[{"taxonomy":"category","embeddable":true,"href":"https:\/\/congresogro.gob.mx\/63\/inicio\/wp-json\/wp\/v2\/categories?post=3363"},{"taxonomy":"post_tag","embeddable":true,"href":"https:\/\/congresogro.gob.mx\/63\/inicio\/wp-json\/wp\/v2\/tags?post=3363"}],"curies":[{"name":"wp","href":"https:\/\/api.w.org\/{rel}","templated":true}]}}