{"id":3347,"date":"2022-05-03T17:17:12","date_gmt":"2022-05-03T22:17:12","guid":{"rendered":"https:\/\/congresogro.gob.mx\/63\/inicio\/?p=3347"},"modified":"2022-05-03T17:22:13","modified_gmt":"2022-05-03T22:22:13","slug":"sesiona-comision-especial-legislativa-con-la-secretaria-de-planeacion-y-desarrollo-regional-en-torno-al-plan-estatal-de-desarrollo-2022-2027","status":"publish","type":"post","link":"https:\/\/congresogro.gob.mx\/63\/inicio\/2022\/05\/03\/sesiona-comision-especial-legislativa-con-la-secretaria-de-planeacion-y-desarrollo-regional-en-torno-al-plan-estatal-de-desarrollo-2022-2027\/","title":{"rendered":"SESIONA COMISI\u00d3N ESPECIAL LEGISLATIVA CON LA SECRETARIA DE PLANEACI\u00d3N Y DESARROLLO REGIONAL, EN TORNO AL PLAN ESTATAL DE DESARROLLO 2022-2027"},"content":{"rendered":"<p style=\"text-align: justify;\"><strong>Chilpancingo, Gro., a 03 de mayo de 2022<\/strong>.- La Comisi\u00f3n Especial para el An\u00e1lisis y Emisi\u00f3n del Dictamen del Plan Estatal de Desarrollo 2022-2027 se reuni\u00f3 este martes con la secretaria de Planeaci\u00f3n y Desarrollo Regional del Gobierno del Estado, Ver\u00f3nica Olimpia Sevilla Mu\u00f1oz, para despejar dudas y hacer propuestas referentes al perfeccionamiento del Plan, que garantice el desarrollo de la entidad en todos los rubros.<\/p>\n<p style=\"text-align: justify;\">Las y los legisladores integrantes del citado \u00f3rgano manifestaron que dicha reuni\u00f3n de trabajo representa un ejercicio democr\u00e1tico de suma importancia para hacer las modificaciones o adiciones al documento que plasma la metodolog\u00eda y la ruta a seguir por parte del actual gobierno en un periodo de seis a\u00f1os.<\/p>\n<p style=\"text-align: justify;\">Se pronunciaron tambi\u00e9n en favor de la suma de esfuerzos y para que se realicen las reuniones necesarias, como parte de un esquema de di\u00e1logo y coordinaci\u00f3n entre el Poder Legislativo y el Ejecutivo.<\/p>\n<p style=\"text-align: justify;\">Por lo anterior, solicitaron a la funcionaria estatal ampliar la informaci\u00f3n respecto a c\u00f3mo funcionar\u00e1 y operar\u00e1 el Sistema Estatal de Evaluaci\u00f3n de Pol\u00edticas P\u00fablicas; su implementaci\u00f3n en el monitoreo, verificaci\u00f3n y evaluaci\u00f3n de los programas a trav\u00e9s de los cuales se pretende dar cumplimento al Plan Estatal de Desarrollo; c\u00f3mo se har\u00e1 y bajo qu\u00e9 par\u00e1metros se instaurar\u00e1 el Sistema Estatal de Planeaci\u00f3n Democr\u00e1tica en la administraci\u00f3n p\u00fablica estatal; cu\u00e1ntas propuestas tienen de las secretar\u00edas en cada uno de los rubros para fortalecer los objetivos de la Agenda 20-30, y cu\u00e1l es el modelo econ\u00f3mico que est\u00e1 impulsando el actual gobierno.<\/p>\n<p style=\"text-align: justify;\">Asimismo, preguntaron sobre los objetivos, estrategias y l\u00edneas de acci\u00f3n para atender a los pueblos ind\u00edgenas y afromexicanos para que tenga congruencia con los objetivos de la Agenda 20-30 y con el Programa Nacional de Desarrollo 2019-2024; y cu\u00e1les son las propuestas que se recabaron en los foros tem\u00e1ticos para la elaboraci\u00f3n del Plan Estatal.<\/p>\n<p style=\"text-align: justify;\">Adem\u00e1s, se propuso integrar y clarificar en los Ejes Transversales la atenci\u00f3n a los pueblos originarios, a las ni\u00f1as, ni\u00f1os y adolescentes, as\u00ed como a las personas con discapacidad, migrantes, entre otros.<\/p>\n<p style=\"text-align: justify;\">De la misma forma, hicieron observaciones respecto a la estructura del documento, en especial en la parte de los objetivos, estrategias y l\u00edneas de acci\u00f3n para los proyectos estrat\u00e9gicos en rubros como la miner\u00eda, turismo, econom\u00eda, salud y educaci\u00f3n; los programas regionales, seguridad p\u00fablica y capacitaci\u00f3n a los cuerpos policiacos.<\/p>\n<p style=\"text-align: justify;\">Encabez\u00f3 los trabajos la diputada Jennyfer Garc\u00eda Lucena, presidenta de la Comisi\u00f3n, en presencia de las y los diputados Gloria Citlali Calixto Jim\u00e9nez, Alfredo S\u00e1nchez Esquivel, H\u00e9ctor Apreza Patr\u00f3n, Elzy Camacho Pineda, Joaqu\u00edn Badillo Escamilla, Osbaldo R\u00edos Manrique, Gabriela Bernal Res\u00e9ndiz, Alicia Zamora Villalva, Yoloczin Dom\u00ednguez Serna, Marben de la Cruz Santiago, Carlos Reyes Torres y Patricia Doroteo Calder\u00f3n, secretaria y vocales, respectivamente, con la participaci\u00f3n especial de las y los legisladores Leticia Mosso Hern\u00e1ndez, Leticia Castro Ortiz, Mar\u00eda Flores Maldonado, Bernardo Ortega Jim\u00e9nez y Andr\u00e9s Guevara C\u00e1rdenas.<\/p>\n","protected":false},"excerpt":{"rendered":"<p>Chilpancingo, Gro., a 03 de mayo de 2022.- La Comisi\u00f3n Especial para el An\u00e1lisis y Emisi\u00f3n del Dictamen del Plan Estatal de Desarrollo 2022-2027 se reuni\u00f3 este martes con la secretaria de Planeaci\u00f3n y Desarrollo Regional del Gobierno del Estado, Ver\u00f3nica Olimpia Sevilla Mu\u00f1oz, para despejar dudas y hacer propuestas referentes al perfeccionamiento del Plan,&#8230;<\/p>\n","protected":false},"author":1,"featured_media":3349,"comment_status":"closed","ping_status":"open","sticky":false,"template":"","format":"standard","meta":{"_monsterinsights_skip_tracking":false,"_monsterinsights_sitenote_active":false,"_monsterinsights_sitenote_note":"","_monsterinsights_sitenote_category":0,"footnotes":""},"categories":[3,35],"tags":[],"class_list":["post-3347","post","type-post","status-publish","format-standard","has-post-thumbnail","hentry","category-boletin","category-jennyfer-garcia-lucena"],"aioseo_notices":[],"_links":{"self":[{"href":"https:\/\/congresogro.gob.mx\/63\/inicio\/wp-json\/wp\/v2\/posts\/3347","targetHints":{"allow":["GET"]}}],"collection":[{"href":"https:\/\/congresogro.gob.mx\/63\/inicio\/wp-json\/wp\/v2\/posts"}],"about":[{"href":"https:\/\/congresogro.gob.mx\/63\/inicio\/wp-json\/wp\/v2\/types\/post"}],"author":[{"embeddable":true,"href":"https:\/\/congresogro.gob.mx\/63\/inicio\/wp-json\/wp\/v2\/users\/1"}],"replies":[{"embeddable":true,"href":"https:\/\/congresogro.gob.mx\/63\/inicio\/wp-json\/wp\/v2\/comments?post=3347"}],"version-history":[{"count":2,"href":"https:\/\/congresogro.gob.mx\/63\/inicio\/wp-json\/wp\/v2\/posts\/3347\/revisions"}],"predecessor-version":[{"id":3355,"href":"https:\/\/congresogro.gob.mx\/63\/inicio\/wp-json\/wp\/v2\/posts\/3347\/revisions\/3355"}],"wp:featuredmedia":[{"embeddable":true,"href":"https:\/\/congresogro.gob.mx\/63\/inicio\/wp-json\/wp\/v2\/media\/3349"}],"wp:attachment":[{"href":"https:\/\/congresogro.gob.mx\/63\/inicio\/wp-json\/wp\/v2\/media?parent=3347"}],"wp:term":[{"taxonomy":"category","embeddable":true,"href":"https:\/\/congresogro.gob.mx\/63\/inicio\/wp-json\/wp\/v2\/categories?post=3347"},{"taxonomy":"post_tag","embeddable":true,"href":"https:\/\/congresogro.gob.mx\/63\/inicio\/wp-json\/wp\/v2\/tags?post=3347"}],"curies":[{"name":"wp","href":"https:\/\/api.w.org\/{rel}","templated":true}]}}