{"id":332,"date":"2021-09-13T04:01:35","date_gmt":"2021-09-13T04:01:35","guid":{"rendered":"https:\/\/congresogro.gob.mx\/63\/inicio\/?p=332"},"modified":"2021-09-14T04:06:51","modified_gmt":"2021-09-14T04:06:51","slug":"la-lxiii-legislatura-trabajara-en-favor-del-pueblo-afirma-diputada-flor-anorve-en-conmemoracion-del-208-aniversario-del-primer-congreso-de-anahuac","status":"publish","type":"post","link":"https:\/\/congresogro.gob.mx\/63\/inicio\/2021\/09\/13\/la-lxiii-legislatura-trabajara-en-favor-del-pueblo-afirma-diputada-flor-anorve-en-conmemoracion-del-208-aniversario-del-primer-congreso-de-anahuac\/","title":{"rendered":"LA LXIII LEGISLATURA TRABAJAR\u00c1 EN FAVOR DEL PUEBLO, AFIRMA DIPUTADA FLOR A\u00d1ORVE EN CONMEMORACI\u00d3N DEL 208 ANIVERSARIO DEL PRIMER CONGRESO DE AN\u00c1HUAC"},"content":{"rendered":"<p style=\"text-align: justify;\"><strong>Chilpancingo, Gro., 13 de septiembre de 2021.- <\/strong>La presidenta de la Mesa Directiva del Congreso del Estado, diputada Flor A\u00f1orve Ocampo, reiter\u00f3 el compromiso de la LXIII Legislatura con Guerrero para legislar de manera \u00e9tica, profesional, atenta a la ciudadan\u00eda y promoviendo la defensa de los derechos humanos, que garantice mejores condiciones de vida para las y los guerrerenses.<\/p>\n<p style=\"text-align: justify;\">Esto en el marco del 208 Aniversario de la Instalaci\u00f3n del Primer Congreso de An\u00e1huac, donde se cont\u00f3 con los titulares de los poderes Ejecutivo y Judicial del estado, H\u00e9ctor Astudillo Flores y Alberto L\u00f3pez Celis; del representante del presidente de M\u00e9xico, Andr\u00e9s Manuel L\u00f3pez Obrador, el delegado federal de Programas Sociales, Iv\u00e1n Hern\u00e1ndez D\u00edaz; de la gobernadora electa, Evelyn Salgado Pineda, y del recipiendario de la Presea \u201cSentimientos de la Naci\u00f3n\u201d, Doctor Eduardo L\u00f3pez Betancourt.<\/p>\n<p style=\"text-align: justify;\">La legisladora resalt\u00f3 que Guerrero merece continuar trabajando en \u201cla consolidaci\u00f3n de un estado orgulloso de su historia y de sus ra\u00edces, de instituciones en que los principios de legalidad, justicia, libertad, democracia, fraternidad y bienestar necesariamente deben seguir vigentes\u201d.<\/p>\n<p style=\"text-align: justify;\">La tambi\u00e9n representante del Poder Legislativo refiri\u00f3 que el actual gobierno se ha caracterizado por sujetarse a la legalidad, transparencia y rendici\u00f3n de cuentas, haciendo un lado la confrontaci\u00f3n, privilegiando el di\u00e1logo y el respeto a la diversidad, con lo que se ha podido superar muchos rezagos.<\/p>\n<p style=\"text-align: justify;\">A\u00f1orve Ocampo apunt\u00f3 que la instalaci\u00f3n del Primer Congreso de An\u00e1huac dio inicio a la vida parlamentaria y, por ende, un nuevo rumbo la naci\u00f3n mexicana, basada en los ideales de Jos\u00e9 Mar\u00eda Morelos y Pav\u00f3n, quien cre\u00eda en una naci\u00f3n fuerte y unida, pero sobre todo con instituciones fortalecidas que dieran rumbo a la patria.<\/p>\n<p style=\"text-align: justify;\">Indic\u00f3 que los mexicanos, en especial los guerrerenses, conmemoran con alto sentido de responsabilidad estas fechas por las grandes contribuciones hechas desde este suelo para alcanzar la Independencia Nacional.<\/p>\n<p style=\"text-align: justify;\">En su intervenci\u00f3n, el recipiendario Eduardo L\u00f3pez Betancourt \u00a0\u00a0agradeci\u00f3 al Congreso del Estado porque en conjunto, todas las fuerzas pol\u00edticas, respaldaron la propuesta de otorgarle la Presea, lo que para \u00e9l representa un alto honor, patriotismo y responsabilidad.<\/p>\n<p style=\"text-align: justify;\">Rese\u00f1\u00f3 que la presea Sentimientos de la Naci\u00f3n significa preservar el libre albedr\u00edo, no s\u00f3lo en los legisladores, sino en toda la sociedad; as\u00ed como los principios de libertad en la administraci\u00f3n p\u00fablica para separar las funciones de la iglesia y el Estado, logr\u00e1ndose la autodeterminaci\u00f3n y libertad de los pueblos, evitando la inmoralidad y la corrupci\u00f3n, lo que a m\u00e1s de 200 a\u00f1os a\u00fan falta por resolver.<\/p>\n<p style=\"text-align: justify;\">Extern\u00f3 que la esencia y raz\u00f3n del pensamiento de Jos\u00e9 Mar\u00eda Morelos y Pav\u00f3n y el gran compromiso que implican sus ense\u00f1anzas, deben estar presentes para consolidar el progreso en el pa\u00eds, lo cual es obligaci\u00f3n de todos.<\/p>\n<p style=\"text-align: justify;\">\u201cLos Sentimientos de la Naci\u00f3n es necesario convertirlos en una realidad que permita construir un pa\u00eds seguro y dignificado, a trav\u00e9s del compromiso por encima de rencillas, rescatando la moralidad. En esto la LXIII Legislatura debe contribuir y trabajar con ah\u00ednco, en bien de una legislaci\u00f3n adecuada a los reclamos de Guerrero\u201d, extern\u00f3.<\/p>\n<p style=\"text-align: justify;\">En su oportunidad, el represente del Ejecutivo federal, delegado Iv\u00e1n Hern\u00e1ndez D\u00edaz, refiri\u00f3 que han pasado 208 a\u00f1os desde que se firm\u00f3 el documento de los \u201cSentimientos de la Naci\u00f3n\u201d, pero a\u00fan no se han logrado concretar, ya que sigue habiendo mucha opulencia de pocos, mientras la indigencia, la miseria y la pobreza es una deuda que sigue pendiente resolver, tal y como fue el ideal del Siervo de la Naci\u00f3n.<\/p>\n<p style=\"text-align: justify;\">Empero, dijo que hoy se vive una etapa de transformaci\u00f3n con la clara esperanza de modular la opulencia y la indigencia, y que el compromiso del Gobierno Federal de combatir la corrupci\u00f3n y establecer un gobierno austero busca de fondo destinar la riqueza a su leg\u00edtimo due\u00f1o, que es el pueblo de M\u00e9xico.<\/p>\n<p style=\"text-align: justify;\">La lectura de la Lista de Honor de los diputados constituyentes estuvo a cargo del diputado Joaqu\u00edn Badillo Escamilla, y de los \u201cSentimientos de la Naci\u00f3n\u201d del diputado Esteban Albarr\u00e1n Mendoza, ambos secretarios de la Mesa Directiva.<\/p>\n<p style=\"text-align: justify;\">A la sesi\u00f3n tambi\u00e9n acudieron el Almirante Julio C\u00e9sar Encinas \u00c1vila, Comandante de la Octava Regi\u00f3n Militar, y el General de Brigada Miguel \u00c1ngel Aguirre Lara, Comandante de la 35 Zona Militar, entre otras personalidades.<\/p>\n","protected":false},"excerpt":{"rendered":"<p>Chilpancingo, Gro., 13 de septiembre de 2021.- La presidenta de la Mesa Directiva del Congreso del Estado, diputada Flor A\u00f1orve Ocampo, reiter\u00f3 el compromiso de la LXIII Legislatura con Guerrero para legislar de manera \u00e9tica, profesional, atenta a la ciudadan\u00eda y promoviendo la defensa de los derechos humanos, que garantice mejores condiciones de vida para&#8230;<\/p>\n","protected":false},"author":1,"featured_media":333,"comment_status":"closed","ping_status":"open","sticky":false,"template":"","format":"standard","meta":{"_monsterinsights_skip_tracking":false,"_monsterinsights_sitenote_active":false,"_monsterinsights_sitenote_note":"","_monsterinsights_sitenote_category":0,"footnotes":""},"categories":[3],"tags":[],"class_list":["post-332","post","type-post","status-publish","format-standard","has-post-thumbnail","hentry","category-boletin"],"aioseo_notices":[],"_links":{"self":[{"href":"https:\/\/congresogro.gob.mx\/63\/inicio\/wp-json\/wp\/v2\/posts\/332","targetHints":{"allow":["GET"]}}],"collection":[{"href":"https:\/\/congresogro.gob.mx\/63\/inicio\/wp-json\/wp\/v2\/posts"}],"about":[{"href":"https:\/\/congresogro.gob.mx\/63\/inicio\/wp-json\/wp\/v2\/types\/post"}],"author":[{"embeddable":true,"href":"https:\/\/congresogro.gob.mx\/63\/inicio\/wp-json\/wp\/v2\/users\/1"}],"replies":[{"embeddable":true,"href":"https:\/\/congresogro.gob.mx\/63\/inicio\/wp-json\/wp\/v2\/comments?post=332"}],"version-history":[{"count":2,"href":"https:\/\/congresogro.gob.mx\/63\/inicio\/wp-json\/wp\/v2\/posts\/332\/revisions"}],"predecessor-version":[{"id":335,"href":"https:\/\/congresogro.gob.mx\/63\/inicio\/wp-json\/wp\/v2\/posts\/332\/revisions\/335"}],"wp:featuredmedia":[{"embeddable":true,"href":"https:\/\/congresogro.gob.mx\/63\/inicio\/wp-json\/wp\/v2\/media\/333"}],"wp:attachment":[{"href":"https:\/\/congresogro.gob.mx\/63\/inicio\/wp-json\/wp\/v2\/media?parent=332"}],"wp:term":[{"taxonomy":"category","embeddable":true,"href":"https:\/\/congresogro.gob.mx\/63\/inicio\/wp-json\/wp\/v2\/categories?post=332"},{"taxonomy":"post_tag","embeddable":true,"href":"https:\/\/congresogro.gob.mx\/63\/inicio\/wp-json\/wp\/v2\/tags?post=332"}],"curies":[{"name":"wp","href":"https:\/\/api.w.org\/{rel}","templated":true}]}}