{"id":326,"date":"2021-09-12T03:58:21","date_gmt":"2021-09-12T03:58:21","guid":{"rendered":"https:\/\/congresogro.gob.mx\/63\/inicio\/?p=326"},"modified":"2021-09-14T04:00:20","modified_gmt":"2021-09-14T04:00:20","slug":"exhorta-congreso-a-titulares-del-poder-ejecutivo-para-nombrar-a-vicente-guerrero-en-las-arengas-por-el-grito-de-independencia","status":"publish","type":"post","link":"https:\/\/congresogro.gob.mx\/63\/inicio\/2021\/09\/12\/exhorta-congreso-a-titulares-del-poder-ejecutivo-para-nombrar-a-vicente-guerrero-en-las-arengas-por-el-grito-de-independencia\/","title":{"rendered":"EXHORTA CONGRESO A TITULARES DEL PODER EJECUTIVO PARA NOMBRAR A VICENTE GUERRERO EN LAS ARENGAS POR EL GRITO DE INDEPENDENCIA"},"content":{"rendered":"<p style=\"text-align: justify;\"><strong>Chilpancingo, Gro., 12 de septiembre de 2021.- <\/strong>A propuesta de la diputada Beatriz Mojica Morga, el Poder Legislativo exhort\u00f3 al Congreso de la Uni\u00f3n y titulares del Poder Ejecutivo de los tres niveles de gobierno, para que en las pr\u00f3ximas fiestas patrias se incluya en las arengas a Vicente Guerrero Salda\u00f1a, consumador de la Independencia de M\u00e9xico.<\/p>\n<p style=\"text-align: justify;\">El asunto que fue aprobado por unanimidad resalta que en la conmemoraci\u00f3n del Grito de Independencia, que se realiza el 15 de septiembre de cada a\u00f1o, no se hace menci\u00f3n, en su mayor\u00eda, del General Vicente Guerrero, pese a haber sido uno de los principales caudillos en la etapa de resistencia y hasta la culminaci\u00f3n de la Guerra de Independencia.<\/p>\n<p style=\"text-align: justify;\">La diputada de Morena extern\u00f3 la importancia de recordar en dichas festividades a este general insurgente por su contribuci\u00f3n en la Guerra de Independencia y posterior a ella, quien luch\u00f3 para que hombres y mujeres tuvieran un pa\u00eds libre, soberano e independiente.<\/p>\n<p style=\"text-align: justify;\">Rese\u00f1\u00f3 que la Independencia de nuestro pa\u00eds comenz\u00f3 en 1810 y culmin\u00f3 con la entrada triunfal del Ej\u00e9rcito Trigarante en la Ciudad de M\u00e9xico, el 27 de septiembre de 1821, con Vicente Guerrero entre sus filas.<\/p>\n<p style=\"text-align: justify;\">Adem\u00e1s, como parte de la historia de M\u00e9xico, Vicente Guerrero fue el segundo presidente de M\u00e9xico y primer afromexicano, y a iniciativa del presidente Juan N. \u00c1lvarez, su nombre fue impuesto a este estado en su honor a su hero\u00edsmo, el 27 de octubre de 1849. Guerrero es el \u00fanico estado del pa\u00eds nombrado en honor a un presidente.<\/p>\n<p style=\"text-align: justify;\">Por todo lo anterior, la diputada Mojica Morga enfatiz\u00f3 la importancia de honrar la memoria, obra y legado de un ilustre, valeroso y patriota, de origen humilde y afromexicano, ejemplo para las y los mexicanos por sus ideales, su amor a la patria, quien lider\u00f3 a miles de ind\u00edgenas y afrodescendientes en la lucha por la independencia del pa\u00eds.<\/p>\n<p style=\"text-align: justify;\">\u201cEs importante recordar con orgullo a h\u00e9roes como Vicente Guerrero y fomentar la historia de M\u00e9xico, resaltar el legado de grandes hombres como s\u00edmbolo de unidad nacional, a trav\u00e9s de su frase: La Patria es Primero\u201d, exclam\u00f3.<\/p>\n","protected":false},"excerpt":{"rendered":"<p>Chilpancingo, Gro., 12 de septiembre de 2021.- A propuesta de la diputada Beatriz Mojica Morga, el Poder Legislativo exhort\u00f3 al Congreso de la Uni\u00f3n y titulares del Poder Ejecutivo de los tres niveles de gobierno, para que en las pr\u00f3ximas fiestas patrias se incluya en las arengas a Vicente Guerrero Salda\u00f1a, consumador de la Independencia&#8230;<\/p>\n","protected":false},"author":1,"featured_media":327,"comment_status":"closed","ping_status":"open","sticky":false,"template":"","format":"standard","meta":{"_monsterinsights_skip_tracking":false,"_monsterinsights_sitenote_active":false,"_monsterinsights_sitenote_note":"","_monsterinsights_sitenote_category":0,"footnotes":""},"categories":[13,3],"tags":[],"class_list":["post-326","post","type-post","status-publish","format-standard","has-post-thumbnail","hentry","category-beatriz-mojica-morga","category-boletin"],"aioseo_notices":[],"_links":{"self":[{"href":"https:\/\/congresogro.gob.mx\/63\/inicio\/wp-json\/wp\/v2\/posts\/326","targetHints":{"allow":["GET"]}}],"collection":[{"href":"https:\/\/congresogro.gob.mx\/63\/inicio\/wp-json\/wp\/v2\/posts"}],"about":[{"href":"https:\/\/congresogro.gob.mx\/63\/inicio\/wp-json\/wp\/v2\/types\/post"}],"author":[{"embeddable":true,"href":"https:\/\/congresogro.gob.mx\/63\/inicio\/wp-json\/wp\/v2\/users\/1"}],"replies":[{"embeddable":true,"href":"https:\/\/congresogro.gob.mx\/63\/inicio\/wp-json\/wp\/v2\/comments?post=326"}],"version-history":[{"count":1,"href":"https:\/\/congresogro.gob.mx\/63\/inicio\/wp-json\/wp\/v2\/posts\/326\/revisions"}],"predecessor-version":[{"id":328,"href":"https:\/\/congresogro.gob.mx\/63\/inicio\/wp-json\/wp\/v2\/posts\/326\/revisions\/328"}],"wp:featuredmedia":[{"embeddable":true,"href":"https:\/\/congresogro.gob.mx\/63\/inicio\/wp-json\/wp\/v2\/media\/327"}],"wp:attachment":[{"href":"https:\/\/congresogro.gob.mx\/63\/inicio\/wp-json\/wp\/v2\/media?parent=326"}],"wp:term":[{"taxonomy":"category","embeddable":true,"href":"https:\/\/congresogro.gob.mx\/63\/inicio\/wp-json\/wp\/v2\/categories?post=326"},{"taxonomy":"post_tag","embeddable":true,"href":"https:\/\/congresogro.gob.mx\/63\/inicio\/wp-json\/wp\/v2\/tags?post=326"}],"curies":[{"name":"wp","href":"https:\/\/api.w.org\/{rel}","templated":true}]}}