{"id":3224,"date":"2022-04-21T09:43:29","date_gmt":"2022-04-21T14:43:29","guid":{"rendered":"https:\/\/congresogro.gob.mx\/63\/inicio\/?p=3224"},"modified":"2022-04-22T09:44:45","modified_gmt":"2022-04-22T14:44:45","slug":"firman-convenio-de-colaboracion-el-instituto-de-estudios-parlamentarios-del-congreso-y-el-tribunal-superior-de-justicia","status":"publish","type":"post","link":"https:\/\/congresogro.gob.mx\/63\/inicio\/2022\/04\/21\/firman-convenio-de-colaboracion-el-instituto-de-estudios-parlamentarios-del-congreso-y-el-tribunal-superior-de-justicia\/","title":{"rendered":"FIRMAN CONVENIO DE COLABORACI\u00d3N EL INSTITUTO DE ESTUDIOS PARLAMENTARIOS DEL CONGRESO Y EL TRIBUNAL SUPERIOR DE JUSTICIA"},"content":{"rendered":"<p style=\"text-align: justify;\"><strong>Chilpancingo, Gro., 21<\/strong><strong> de abril de 2022.-<\/strong> Con el prop\u00f3sito de vincular y fortalecer las actividades acad\u00e9micas, culturales, de investigaci\u00f3n y an\u00e1lisis, que eficiente las tareas parlamentarias y jur\u00eddicas, este jueves se firm\u00f3 un convenio de colaboraci\u00f3n entre el Congreso del Estado y el Tribunal Superior de Justicia (TSJ).<\/p>\n<p style=\"text-align: justify;\">Dicho convenio para la promoci\u00f3n, fomento y realizaci\u00f3n de estudios e investigaciones que contribuyan a mejorar el trabajo de ambas instituciones fue firmado por el diputado Antonio Helguera Jim\u00e9nez, en su calidad de presidente del Comit\u00e9 del Instituto de Estudios Parlamentarios \u201cEduardo Neri\u201d (IEPEN), y el magistrado Raymundo Casarrubias V\u00e1zquez, presidente del Tribunal Superior de Justicia.<\/p>\n<p style=\"text-align: justify;\">Al dar la bienvenida a los asistentes del acto en las instalaciones del IEPEN, Helguera Jim\u00e9nez destac\u00f3 que dicho convenio ayudar\u00e1 a que este instituto cumpla con su cometido de realizar trabajos profesionales y confiables de investigaci\u00f3n jur\u00eddica y parlamentaria, desarrollar estudios de grados acad\u00e9micos y organizar cursos, talleres y conferencias que ampl\u00eden el conocimiento del derecho y la t\u00e9cnica legislativa.<\/p>\n<p style=\"text-align: justify;\">Anunci\u00f3 que se trabaja en el relanzamiento del instituto con una perspectiva de trabajo plural, apartidista, a efecto de convertirlo en un aut\u00e9ntico espacio para la deliberaci\u00f3n de las ideas, con hombres y mujeres altamente especializados en el derecho p\u00fablico que ayuden a que en esta instituci\u00f3n se generen fuentes de consulta especializadas, confiables y verificables.<\/p>\n<p style=\"text-align: justify;\">\u201cSer anfitriones del Tribunal Superior de Justicia de Guerrero nos honra, fortalece y alienta a continuar construyendo bases colaborativas para que el instituto est\u00e9 a la altura del trabajo legislativo que se realiza, con fuentes de consulta serias para motivar y fundar sus temas de debate y de an\u00e1lisis, y as\u00ed decidir en los asuntos de orden jur\u00eddico, en los derechos de las y los guerrerenses y en el desarrollo de Guerrero, su gobernabilidad, su paz positiva y sostenida\u201d, abund\u00f3.<\/p>\n<p style=\"text-align: justify;\">En su intervenci\u00f3n, el presidente del Tribunal Superior de Justicia, Raymundo Garc\u00eda Guti\u00e9rrez, refiri\u00f3 que la firma de este convenio es un compromiso que asumen el pleno del TSJ y los integrantes del Consejo de la Judicatura, instituciones que est\u00e1n comprometidas con la administraci\u00f3n de justicia y atentos a las necesidades de la sociedad, a la que se deben.<\/p>\n<p style=\"text-align: justify;\">Se\u00f1al\u00f3, asimismo, que es un compromiso de solidaridad con los poderes y que ser\u00e1 en beneficio de las y los guerrerenses, ya que se jugar\u00e1 un papel activo en la capacitaci\u00f3n para la construcci\u00f3n de mejores procesos legislativos, con miras a lograr las grandes reformas que el estado necesita.<\/p>\n<p style=\"text-align: justify;\">Anunci\u00f3 que se otorgar\u00e1n becas a los trabajadores de ambos poderes para realizar diplomados y maestr\u00edas, adem\u00e1s de que se organizar\u00e1n e impartir\u00e1n cursos, seminarios, conferencias, simposios, exposiciones, mesas redondas, congresos, entre otros eventos acad\u00e9micos.<\/p>\n<p style=\"text-align: justify;\">El convenio contempla intercambiar investigaciones, estudios, an\u00e1lisis e informaci\u00f3n en el campo de las ciencias sociales, jur\u00eddicas, pol\u00edticas y econ\u00f3micas que se consideren relevantes. Toda esta documentaci\u00f3n deber\u00e1 integrarse, en la medida de lo posible, a la p\u00e1gina de internet o al intercambio de manera digital correspondiente de cada una de las partes.<\/p>\n<p style=\"text-align: justify;\">Adem\u00e1s, editar y difundir por escrito y de manera digital los resultados de las investigaciones, estudios y an\u00e1lisis desarrollados por las partes, mediante la ejecuci\u00f3n del programa de coediciones que al respecto se establezca, previo acuerdo de \u00e9stas, y la coparticipaci\u00f3n en actividades y trabajos relativos a sus respectivos \u00e1mbitos de competencia, cuando impliquen intereses comunes.<\/p>\n<p style=\"text-align: justify;\">Al evento asistieron tambi\u00e9n los diputados Osbaldo R\u00edos Manrique y Beatriz Mojica Morga, vocales del Comit\u00e9 del IEPEN; las y los magistrados Mar\u00eda Elena Medina Hern\u00e1ndez, Vicente Rodr\u00edguez Mart\u00ednez, F\u00e9lix Nava Sol\u00eds, Gabriela Ramos Bello, Paulino Jaimes Bernardino, Esteban Pedro L\u00f3pez Flores, y el consejero de la Judicatura Luis Alberto Montes.<\/p>\n","protected":false},"excerpt":{"rendered":"<p>Chilpancingo, Gro., 21 de abril de 2022.- Con el prop\u00f3sito de vincular y fortalecer las actividades acad\u00e9micas, culturales, de investigaci\u00f3n y an\u00e1lisis, que eficiente las tareas parlamentarias y jur\u00eddicas, este jueves se firm\u00f3 un convenio de colaboraci\u00f3n entre el Congreso del Estado y el Tribunal Superior de Justicia (TSJ). Dicho convenio para la promoci\u00f3n, fomento&#8230;<\/p>\n","protected":false},"author":1,"featured_media":3226,"comment_status":"closed","ping_status":"open","sticky":false,"template":"","format":"standard","meta":{"_monsterinsights_skip_tracking":false,"_monsterinsights_sitenote_active":false,"_monsterinsights_sitenote_note":"","_monsterinsights_sitenote_category":0,"footnotes":""},"categories":[3,57],"tags":[],"class_list":["post-3224","post","type-post","status-publish","format-standard","has-post-thumbnail","hentry","category-boletin","category-iepen"],"aioseo_notices":[],"_links":{"self":[{"href":"https:\/\/congresogro.gob.mx\/63\/inicio\/wp-json\/wp\/v2\/posts\/3224","targetHints":{"allow":["GET"]}}],"collection":[{"href":"https:\/\/congresogro.gob.mx\/63\/inicio\/wp-json\/wp\/v2\/posts"}],"about":[{"href":"https:\/\/congresogro.gob.mx\/63\/inicio\/wp-json\/wp\/v2\/types\/post"}],"author":[{"embeddable":true,"href":"https:\/\/congresogro.gob.mx\/63\/inicio\/wp-json\/wp\/v2\/users\/1"}],"replies":[{"embeddable":true,"href":"https:\/\/congresogro.gob.mx\/63\/inicio\/wp-json\/wp\/v2\/comments?post=3224"}],"version-history":[{"count":1,"href":"https:\/\/congresogro.gob.mx\/63\/inicio\/wp-json\/wp\/v2\/posts\/3224\/revisions"}],"predecessor-version":[{"id":3227,"href":"https:\/\/congresogro.gob.mx\/63\/inicio\/wp-json\/wp\/v2\/posts\/3224\/revisions\/3227"}],"wp:featuredmedia":[{"embeddable":true,"href":"https:\/\/congresogro.gob.mx\/63\/inicio\/wp-json\/wp\/v2\/media\/3226"}],"wp:attachment":[{"href":"https:\/\/congresogro.gob.mx\/63\/inicio\/wp-json\/wp\/v2\/media?parent=3224"}],"wp:term":[{"taxonomy":"category","embeddable":true,"href":"https:\/\/congresogro.gob.mx\/63\/inicio\/wp-json\/wp\/v2\/categories?post=3224"},{"taxonomy":"post_tag","embeddable":true,"href":"https:\/\/congresogro.gob.mx\/63\/inicio\/wp-json\/wp\/v2\/tags?post=3224"}],"curies":[{"name":"wp","href":"https:\/\/api.w.org\/{rel}","templated":true}]}}