{"id":317,"date":"2021-09-10T16:09:03","date_gmt":"2021-09-10T16:09:03","guid":{"rendered":"https:\/\/congresogro.gob.mx\/63\/inicio\/?p=317"},"modified":"2021-09-11T16:09:37","modified_gmt":"2021-09-11T16:09:37","slug":"elige-congreso-del-estado-a-eduardo-lopez-betancourt-como-recipiendario-de-la-presea-sentimientos-de-la-nacion","status":"publish","type":"post","link":"https:\/\/congresogro.gob.mx\/63\/inicio\/2021\/09\/10\/elige-congreso-del-estado-a-eduardo-lopez-betancourt-como-recipiendario-de-la-presea-sentimientos-de-la-nacion\/","title":{"rendered":"ELIGE CONGRESO DEL ESTADO A EDUARDO L\u00d3PEZ BETANCOURT  COMO RECIPIENDARIO DE LA PRESEA \u201cSENTIMIENTOS DE LA NACI\u00d3N\u201d"},"content":{"rendered":"<p style=\"text-align: justify;\"><strong>Chilpancingo, Gro., 10 de septiembre de 2021.- <\/strong>Diputadas y diputados de la LXIII Legislatura designaron como recipiendario de la Presea \u201cSentimientos de la Naci\u00f3n\u201d al Dr. Eduardo L\u00f3pez Betancourt, por su trabajo, promoci\u00f3n y amplia trayectoria profesional en la materia del derecho.<\/p>\n<p style=\"text-align: justify;\">Al dar lectura al acuerdo signado por los coordinadores de los grupos parlamentarios y representaciones de partido, la diputada Ana Lenis Res\u00e9ndiz Javier refiri\u00f3 que la Presea \u201cSentimientos de la Naci\u00f3n\u201d se instituy\u00f3 en 1997 para galardonar a nacionales o extranjeros con clara vinculaci\u00f3n a los principios del Primer Congreso de An\u00e1huac y los \u201cSentimientos de la Naci\u00f3n\u201d, como son la lucha por la paz, la democracia, la defensa de los derechos humanos y otros altos valores de la humanidad.<\/p>\n<p style=\"text-align: justify;\">Precis\u00f3 que el pasado 4 de agosto se expidi\u00f3 la convocatoria para seleccionar a dicho recipiendario, recibi\u00e9ndose las propuestas de Eduardo L\u00f3pez Betancourt, Juan Enrique Cadena Espinoza, Luis Rodolfo N\u00e1jera Ram\u00edrez, Carlos Marx Barbosa Guzm\u00e1n, Julieta Altamirano Crosby, Martha S\u00e1nchez N\u00e9stor, Julia L\u00f3pez, Porfirio Mu\u00f1oz Ledo y Silvestre Soto Contreras.<\/p>\n<p style=\"text-align: justify;\">Dado a que Eduardo L\u00f3pez Betancourt -agreg\u00f3- fue quien cont\u00f3 con un mayor n\u00famero de propuestas, las y los diputados coordinadores lo consideraron merecedor de la Presea \u201cSentimientos de la Naci\u00f3n\u201d, por su trabajo y amplia trayectoria profesional en la materia jur\u00eddica.<\/p>\n<p style=\"text-align: justify;\">L\u00f3pez Betancourt es un destacado profesionista guerrerense en el \u00e1mbito del Derecho, nacido en Iguala de la Independencia el 7 de noviembre del a\u00f1o 1944; Licenciado en Derecho, Maestro en Educaci\u00f3n C\u00edvica y Social e Historia, y doctor en Pedagog\u00eda, Historia y Derecho.<\/p>\n<p style=\"text-align: justify;\">Adem\u00e1s, cuenta con una actividad docente de m\u00e1s de 54 a\u00f1os ininterrumpidos, imparte clases en la Licenciatura en Derecho y la Divisi\u00f3n de Estudios de Posgrado de la Facultad de Derecho de la Universidad Nacional Aut\u00f3noma de M\u00e9xico (UNAM), y es difusor en distintas universidades oficiales y particulares, as\u00ed como en las incorporadas a la propia UNAM, del Nuevo Plan de Estudios de la Facultad de Derecho.<\/p>\n<p style=\"text-align: justify;\">Ha sido Profesor de la Escuela Normal Oral, de la Escuela Nacional Superior de M\u00e9xico, de las facultades de Filosof\u00eda y Letras (Colegio de Historia y Pedagog\u00eda), de Psicolog\u00eda (L\u00f3gica Simb\u00f3lica y Filos\u00f3fica de las Ciencias) y de la Escuela para Extranjeros de la Universidad Nacional Aut\u00f3noma de M\u00e9xico, y se ha desempe\u00f1ado como jefe de Clases de Civismo en escuelas secundarias de la Ciudad de M\u00e9xico.<\/p>\n<p style=\"text-align: justify;\">En ese punto, las y los legisladores aprobaron tambi\u00e9n el orden del d\u00eda al que se sujetar\u00e1 la sesi\u00f3n solemne para conmemorar el 208 Aniversario de la Instalaci\u00f3n del Primer Congreso de An\u00e1huac, el pr\u00f3ximo lunes 13 de septiembre de este a\u00f1o en las instalaciones del Congreso del Estado, con la asistencia de los poderes Ejecutivo y Judicial, as\u00ed como un representante del Gobierno Federal.<\/p>\n<p style=\"text-align: justify;\">La diputada <a href=\"https:\/\/www.facebook.com\/Patricia-Doroteo-Calder%C3%B3n-108593091022739\/?__cft__%5b0%5d=AZU8_Hvplk7CFys3DmHnXOMWHTn0_N-Ooy5_dWcpjKz4UAt5qoLxUx0Gy4Lp5dgg2pWb-N-bxyr-mXg-bkEhNtkq22cvLFXCJy19udc5NoIZhKzwj9xnAUz79eTacbYGBhvRpNB0qmxjLmgxGfhWCHYy&amp;__tn__=kK-R\">Patricia Doroteo Calder\u00f3n<\/a> razon\u00f3 su voto a favor de la propuesta de recipiendario, por considerar que el Dr. L\u00f3pez Betancourt es un distinguido guerrerense con una trayectoria acad\u00e9mica y profesional impecable, quien cumple cabalmente con los principios que dieron origen a tal condecoraci\u00f3n.<\/p>\n","protected":false},"excerpt":{"rendered":"<p>Chilpancingo, Gro., 10 de septiembre de 2021.- Diputadas y diputados de la LXIII Legislatura designaron como recipiendario de la Presea \u201cSentimientos de la Naci\u00f3n\u201d al Dr. Eduardo L\u00f3pez Betancourt, por su trabajo, promoci\u00f3n y amplia trayectoria profesional en la materia del derecho. Al dar lectura al acuerdo signado por los coordinadores de los grupos parlamentarios&#8230;<\/p>\n","protected":false},"author":1,"featured_media":315,"comment_status":"closed","ping_status":"open","sticky":false,"template":"","format":"standard","meta":{"_monsterinsights_skip_tracking":false,"_monsterinsights_sitenote_active":false,"_monsterinsights_sitenote_note":"","_monsterinsights_sitenote_category":0,"footnotes":""},"categories":[3],"tags":[],"class_list":["post-317","post","type-post","status-publish","format-standard","has-post-thumbnail","hentry","category-boletin"],"aioseo_notices":[],"_links":{"self":[{"href":"https:\/\/congresogro.gob.mx\/63\/inicio\/wp-json\/wp\/v2\/posts\/317","targetHints":{"allow":["GET"]}}],"collection":[{"href":"https:\/\/congresogro.gob.mx\/63\/inicio\/wp-json\/wp\/v2\/posts"}],"about":[{"href":"https:\/\/congresogro.gob.mx\/63\/inicio\/wp-json\/wp\/v2\/types\/post"}],"author":[{"embeddable":true,"href":"https:\/\/congresogro.gob.mx\/63\/inicio\/wp-json\/wp\/v2\/users\/1"}],"replies":[{"embeddable":true,"href":"https:\/\/congresogro.gob.mx\/63\/inicio\/wp-json\/wp\/v2\/comments?post=317"}],"version-history":[{"count":1,"href":"https:\/\/congresogro.gob.mx\/63\/inicio\/wp-json\/wp\/v2\/posts\/317\/revisions"}],"predecessor-version":[{"id":318,"href":"https:\/\/congresogro.gob.mx\/63\/inicio\/wp-json\/wp\/v2\/posts\/317\/revisions\/318"}],"wp:featuredmedia":[{"embeddable":true,"href":"https:\/\/congresogro.gob.mx\/63\/inicio\/wp-json\/wp\/v2\/media\/315"}],"wp:attachment":[{"href":"https:\/\/congresogro.gob.mx\/63\/inicio\/wp-json\/wp\/v2\/media?parent=317"}],"wp:term":[{"taxonomy":"category","embeddable":true,"href":"https:\/\/congresogro.gob.mx\/63\/inicio\/wp-json\/wp\/v2\/categories?post=317"},{"taxonomy":"post_tag","embeddable":true,"href":"https:\/\/congresogro.gob.mx\/63\/inicio\/wp-json\/wp\/v2\/tags?post=317"}],"curies":[{"name":"wp","href":"https:\/\/api.w.org\/{rel}","templated":true}]}}