{"id":2933,"date":"2022-04-01T08:51:57","date_gmt":"2022-04-01T14:51:57","guid":{"rendered":"https:\/\/congresogro.gob.mx\/63\/inicio\/?p=2933"},"modified":"2022-04-04T08:55:08","modified_gmt":"2022-04-04T13:55:08","slug":"imparten-curso-sobre-perspectiva-de-genero-a-los-trabajadores-del-congreso-del-estado","status":"publish","type":"post","link":"https:\/\/congresogro.gob.mx\/63\/inicio\/2022\/04\/01\/imparten-curso-sobre-perspectiva-de-genero-a-los-trabajadores-del-congreso-del-estado\/","title":{"rendered":"IMPARTEN CURSO SOBRE PERSPECTIVA DE G\u00c9NERO A LOS TRABAJADORES DEL CONGRESO DEL ESTADO"},"content":{"rendered":"<p style=\"font-weight: 400; text-align: justify;\">El presidente de la Junta de Coordinaci\u00f3n Pol\u00edtica del Congreso del Estado, diputado Alfredo S\u00e1nchez Esquivel, junto a la titular de la Unidad Para la Igualdad de G\u00e9nero de la misma instituci\u00f3n, Urbelina Vega V\u00e1zquez, inauguraron este viernes el curso-taller \u00abReeducaci\u00f3n con Perspectiva de G\u00e9nero para Hombres\u00bb. Esta actividad que constar\u00e1 de 25 sesiones, est\u00e1 enfocada a los trabajadores masculinos del Poder Legislativo con el objeto de crear conciencia y sensibilizarlos para mejorar sus relaciones tanto en el hogar como en su centro de trabajo. Imparti\u00f3 el curso el psic\u00f3logo facilitador V\u00edctor Hugo Salda\u00f1a L\u00f3pez, de la Secretar\u00eda de Salud Guerrero.<\/p>\n","protected":false},"excerpt":{"rendered":"<p>El presidente de la Junta de Coordinaci\u00f3n Pol\u00edtica del Congreso del Estado, diputado Alfredo S\u00e1nchez Esquivel, junto a la titular de la Unidad Para la Igualdad de G\u00e9nero de la misma instituci\u00f3n, Urbelina Vega V\u00e1zquez, inauguraron este viernes el curso-taller \u00abReeducaci\u00f3n con Perspectiva de G\u00e9nero para Hombres\u00bb. Esta actividad que constar\u00e1 de 25 sesiones, est\u00e1&#8230;<\/p>\n","protected":false},"author":1,"featured_media":2935,"comment_status":"closed","ping_status":"open","sticky":false,"template":"","format":"standard","meta":{"_monsterinsights_skip_tracking":false,"_monsterinsights_sitenote_active":false,"_monsterinsights_sitenote_note":"","_monsterinsights_sitenote_category":0,"footnotes":""},"categories":[3],"tags":[],"class_list":["post-2933","post","type-post","status-publish","format-standard","has-post-thumbnail","hentry","category-boletin"],"aioseo_notices":[],"_links":{"self":[{"href":"https:\/\/congresogro.gob.mx\/63\/inicio\/wp-json\/wp\/v2\/posts\/2933","targetHints":{"allow":["GET"]}}],"collection":[{"href":"https:\/\/congresogro.gob.mx\/63\/inicio\/wp-json\/wp\/v2\/posts"}],"about":[{"href":"https:\/\/congresogro.gob.mx\/63\/inicio\/wp-json\/wp\/v2\/types\/post"}],"author":[{"embeddable":true,"href":"https:\/\/congresogro.gob.mx\/63\/inicio\/wp-json\/wp\/v2\/users\/1"}],"replies":[{"embeddable":true,"href":"https:\/\/congresogro.gob.mx\/63\/inicio\/wp-json\/wp\/v2\/comments?post=2933"}],"version-history":[{"count":1,"href":"https:\/\/congresogro.gob.mx\/63\/inicio\/wp-json\/wp\/v2\/posts\/2933\/revisions"}],"predecessor-version":[{"id":2936,"href":"https:\/\/congresogro.gob.mx\/63\/inicio\/wp-json\/wp\/v2\/posts\/2933\/revisions\/2936"}],"wp:featuredmedia":[{"embeddable":true,"href":"https:\/\/congresogro.gob.mx\/63\/inicio\/wp-json\/wp\/v2\/media\/2935"}],"wp:attachment":[{"href":"https:\/\/congresogro.gob.mx\/63\/inicio\/wp-json\/wp\/v2\/media?parent=2933"}],"wp:term":[{"taxonomy":"category","embeddable":true,"href":"https:\/\/congresogro.gob.mx\/63\/inicio\/wp-json\/wp\/v2\/categories?post=2933"},{"taxonomy":"post_tag","embeddable":true,"href":"https:\/\/congresogro.gob.mx\/63\/inicio\/wp-json\/wp\/v2\/tags?post=2933"}],"curies":[{"name":"wp","href":"https:\/\/api.w.org\/{rel}","templated":true}]}}