{"id":2768,"date":"2022-03-15T17:43:23","date_gmt":"2022-03-15T23:43:23","guid":{"rendered":"https:\/\/congresogro.gob.mx\/63\/inicio\/?p=2768"},"modified":"2022-03-15T17:43:23","modified_gmt":"2022-03-15T23:43:23","slug":"prepara-congreso-de-guerrero-un-parlamento-foros-y-otros-eventos-sobre-derechos-de-las-ninas-ninos-y-adolescentes","status":"publish","type":"post","link":"https:\/\/congresogro.gob.mx\/63\/inicio\/2022\/03\/15\/prepara-congreso-de-guerrero-un-parlamento-foros-y-otros-eventos-sobre-derechos-de-las-ninas-ninos-y-adolescentes\/","title":{"rendered":"PREPARA CONGRESO DE GUERRERO UN PARLAMENTO, FOROS Y OTROS EVENTOS SOBRE DERECHOS DE LAS NI\u00d1AS, NI\u00d1OS Y ADOLESCENTES"},"content":{"rendered":"<p style=\"text-align: justify;\"><strong>Chilpancingo, Gro., 15 de marzo de 2022<\/strong>.- La Comisi\u00f3n de los Derechos de las Ni\u00f1as, Ni\u00f1os y Adolescentes del Congreso del Estado aprob\u00f3 un calendario de actividades a realizar en beneficio de la ni\u00f1ez guerrerense, entre las cuales destacan un parlamento, foros, encuentros con ediles municipales y ferias regionales.<\/p>\n<p style=\"text-align: justify;\">En reuni\u00f3n de trabajo, las y los integrantes de la mencionada comisi\u00f3n legislativa acordaron realizar el pr\u00f3ximo 25 y 26 de abril el Parlamento de las Ni\u00f1as y los Ni\u00f1os del Estado de Guerrero, en coordinaci\u00f3n con la Junta de Coordinaci\u00f3n Pol\u00edtica y la Comisi\u00f3n de Participaci\u00f3n Ciudadana del Congreso; el Instituto Electoral y de Participaci\u00f3n Ciudadana del Estado (IEPC) y la Secretar\u00eda de Educaci\u00f3n Guerrero, a trav\u00e9s de la Direcci\u00f3n General de Educaci\u00f3n Primaria,<\/p>\n<p style=\"text-align: justify;\">Para el 20 de abril de este a\u00f1o se acord\u00f3 tambi\u00e9n realizar el foro \u201cAtenci\u00f3n y prevenci\u00f3n de la violencia hacia las ni\u00f1as y ni\u00f1os, y erradicaci\u00f3n del matrimonio infantil\u201d, con el apoyo de la Fundaci\u00f3n Friedrich Ebert, organizaci\u00f3n Girls Not Bride y los Sistemas de Desarrollo Integral de la Familia (DIF) del estado y de los municipios.<\/p>\n<p style=\"text-align: justify;\">Asimismo, para el 8 de junio del 2022 est\u00e1 comisi\u00f3n tiene contemplado llevar a cabo un encuentro con regidoras y regidores de diversos ayuntamientos, en coordinaci\u00f3n con los ayuntamientos y con el IEPC.<\/p>\n<p style=\"text-align: justify;\">De igual manera, los meses de julio a noviembre se prev\u00e9 realizar ferias regionales sobre los Derechos de las Ni\u00f1as, Ni\u00f1os y Adolescentes en las regiones de Acapulco, Costa Chica, Costa Grande, Centro, Monta\u00f1a, Norte y Tierra Caliente, esto con apoyo de los ayuntamientos y del mismo IEPC.<\/p>\n<p style=\"text-align: justify;\">Y para el mes de septiembre, la comisi\u00f3n tiene contemplado un concurso de Oratoria, donde participen ni\u00f1as, ni\u00f1os y adolescentes de las diversas regiones de la entidad.<\/p>\n<p style=\"text-align: justify;\">La Comisi\u00f3n de los Derechos de las Ni\u00f1as, Ni\u00f1os y Adolescentes es integrada por las diputadas Beatriz Mojica Morga como presidenta; Julieta Fern\u00e1ndez M\u00e1rquez como secretaria, y Jennyfer Garc\u00eda Lucena, Nora Yanek Vel\u00e1zquez Mart\u00ednez y Susana Paola Ju\u00e1rez G\u00f3mez como vocales.<\/p>\n","protected":false},"excerpt":{"rendered":"<p>Chilpancingo, Gro., 15 de marzo de 2022.- La Comisi\u00f3n de los Derechos de las Ni\u00f1as, Ni\u00f1os y Adolescentes del Congreso del Estado aprob\u00f3 un calendario de actividades a realizar en beneficio de la ni\u00f1ez guerrerense, entre las cuales destacan un parlamento, foros, encuentros con ediles municipales y ferias regionales. En reuni\u00f3n de trabajo, las y&#8230;<\/p>\n","protected":false},"author":1,"featured_media":2770,"comment_status":"closed","ping_status":"open","sticky":false,"template":"","format":"standard","meta":{"_monsterinsights_skip_tracking":false,"_monsterinsights_sitenote_active":false,"_monsterinsights_sitenote_note":"","_monsterinsights_sitenote_category":0,"footnotes":""},"categories":[13,3],"tags":[],"class_list":["post-2768","post","type-post","status-publish","format-standard","has-post-thumbnail","hentry","category-beatriz-mojica-morga","category-boletin"],"aioseo_notices":[],"_links":{"self":[{"href":"https:\/\/congresogro.gob.mx\/63\/inicio\/wp-json\/wp\/v2\/posts\/2768","targetHints":{"allow":["GET"]}}],"collection":[{"href":"https:\/\/congresogro.gob.mx\/63\/inicio\/wp-json\/wp\/v2\/posts"}],"about":[{"href":"https:\/\/congresogro.gob.mx\/63\/inicio\/wp-json\/wp\/v2\/types\/post"}],"author":[{"embeddable":true,"href":"https:\/\/congresogro.gob.mx\/63\/inicio\/wp-json\/wp\/v2\/users\/1"}],"replies":[{"embeddable":true,"href":"https:\/\/congresogro.gob.mx\/63\/inicio\/wp-json\/wp\/v2\/comments?post=2768"}],"version-history":[{"count":1,"href":"https:\/\/congresogro.gob.mx\/63\/inicio\/wp-json\/wp\/v2\/posts\/2768\/revisions"}],"predecessor-version":[{"id":2771,"href":"https:\/\/congresogro.gob.mx\/63\/inicio\/wp-json\/wp\/v2\/posts\/2768\/revisions\/2771"}],"wp:featuredmedia":[{"embeddable":true,"href":"https:\/\/congresogro.gob.mx\/63\/inicio\/wp-json\/wp\/v2\/media\/2770"}],"wp:attachment":[{"href":"https:\/\/congresogro.gob.mx\/63\/inicio\/wp-json\/wp\/v2\/media?parent=2768"}],"wp:term":[{"taxonomy":"category","embeddable":true,"href":"https:\/\/congresogro.gob.mx\/63\/inicio\/wp-json\/wp\/v2\/categories?post=2768"},{"taxonomy":"post_tag","embeddable":true,"href":"https:\/\/congresogro.gob.mx\/63\/inicio\/wp-json\/wp\/v2\/tags?post=2768"}],"curies":[{"name":"wp","href":"https:\/\/api.w.org\/{rel}","templated":true}]}}