{"id":2759,"date":"2022-03-09T19:58:15","date_gmt":"2022-03-10T01:58:15","guid":{"rendered":"https:\/\/congresogro.gob.mx\/63\/inicio\/?p=2759"},"modified":"2022-03-14T19:59:35","modified_gmt":"2022-03-15T01:59:35","slug":"se-reunen-diputados-y-alcaldes-para-definir-consulta-a-los-pueblos-indigenas-y-afromexicanos","status":"publish","type":"post","link":"https:\/\/congresogro.gob.mx\/63\/inicio\/2022\/03\/09\/se-reunen-diputados-y-alcaldes-para-definir-consulta-a-los-pueblos-indigenas-y-afromexicanos\/","title":{"rendered":"SE RE\u00daNEN DIPUTADOS Y ALCALDES PARA DEFINIR  CONSULTA A LOS PUEBLOS IND\u00cdGENAS Y AFROMEXICANOS"},"content":{"rendered":"<p style=\"text-align: justify;\"><strong>Chilpancingo, Gro., a 09 de marzo 2022.-<\/strong> La Junta de Coordinaci\u00f3n Pol\u00edtica del Congreso del Estado sostuvo una primera reuni\u00f3n con presidentas y presidentes municipales de Guerrero con el prop\u00f3sito de establecer los canales de comunicaci\u00f3n y mecanismos de acompa\u00f1amiento necesarios tendentes al desarrollo adecuado del proceso de consulta a los pueblos y comunidades ind\u00edgenas y afromexicanos.<\/p>\n<p style=\"text-align: justify;\">\nLa actividad fue coordinada por las y los integrantes de la Junta, Alfredo S\u00e1nchez Esquivel, presidente; H\u00e9ctor Apreza Patr\u00f3n, secretario, y Raymundo Garc\u00eda Guti\u00e9rrez, Manuel Qui\u00f1\u00f3nez Cort\u00e9s, Leticia Mosso Hern\u00e1ndez y Ana Lenis Res\u00e9ndiz Javier como vocales, acompa\u00f1ados por la presidenta de la Mesa Directiva, diputada Flor A\u00f1orve Ocampo; de la presidenta de la Comisi\u00f3n de Asuntos Ind\u00edgenas y Afromexicanos, diputada Marben de la Cruz Santiago, y de la presidenta de la Comisi\u00f3n de Participaci\u00f3n Ciudadana, diputada Julieta Fern\u00e1ndez M\u00e1rquez.<\/p>\n<p style=\"text-align: justify;\">\nEn el acto, el diputado Alfredo S\u00e1nchez Esquivel se congratul\u00f3 por contar con el apoyo de presidentas y presidentes municipales, as\u00ed como representantes del Ejecutivo estatal, por ser part\u00edcipes de un momento crucial como es la pol\u00edtica legislativa del estado, que est\u00e1 realizando, en cumplimiento del mandato de la Suprema Corte de Justicia de la Naci\u00f3n, un ejercicio para el reconocimiento irrestricto a los pueblos originarios y comunidades afromexicanas, para que nunca m\u00e1s se den decisiones unilaterales por parte de los poderes Ejecutivo y Legislativo en asuntos que les competen.<\/p>\n<p style=\"text-align: justify;\">\nAnticip\u00f3 que el Congreso del Estado realizar\u00e1 un trabajo interinstitucional con el Ejecutivo, \u00f3rganos aut\u00f3nomos y dem\u00e1s instancias involucradas para entablar canales de comunicaci\u00f3n y acompa\u00f1amiento para la construcci\u00f3n de una ruta que atienda el compromiso con los pueblos originarios y comunidades afrodescendientes en toda su diversidad.<\/p>\n<p style=\"text-align: justify;\">Agreg\u00f3 que es firme el compromiso de cumplir el proceso de consulta y que llegue a todas las comunidades, conforme a las caracter\u00edsticas de cada pueblo y con traductores acreditados en las distintas lenguas originarias.<\/p>\n<p style=\"text-align: justify;\">\nAdem\u00e1s, a nombre del Poder Legislativo solicit\u00f3 a la Comisi\u00f3n de Derechos Humanos del Estado sean garantes para dar certeza y se tenga una relaci\u00f3n de respeto con las comunidades ind\u00edgenas y afrodescendientes, ya que el Congreso local respetar\u00e1 la cosmovisi\u00f3n y la l\u00f3gica de los pueblos originarios. \u201cEs por ello que diputadas, diputados y personal t\u00e9cnico se preparan con las herramientas e informaci\u00f3n necesarias para salir a campo e implementar este hist\u00f3rico proceso de consulta y atender los reclamos de la poblaci\u00f3n de estos pueblos\u201d, apunt\u00f3.<\/p>\n<p style=\"text-align: justify;\">\nIndic\u00f3 por \u00faltimo que este no es un proyecto de un diputado o de una fracci\u00f3n, sino del Congreso del Estado, con el objetivo de dar cumplimiento al mandato de la Suprema Corte de Justicia de la Naci\u00f3n. En ese sentido, conmin\u00f3 a diputadas y diputados, presidentas y presidentes municipales, regidores y regidoras, al Gobierno del Estado y \u00f3rganos aut\u00f3nomos para construir una ruta de entendimiento que permita garantizar los derechos de los pueblos originarios.<br \/>\nCabe mencionar que en esta reuni\u00f3n las y los alcaldes recibieron su respectiva copia del Protocolo de Consulta recientemente aprobado por el Pleno del Congreso.<\/p>\n<p style=\"text-align: justify;\">\nEl evento cont\u00f3 con la participaci\u00f3n de diputadas y diputados de los distintos grupos y representaciones parlamentarias, y en representaci\u00f3n del Ejecutivo estatal estuvo el secretario general de Gobierno, Ludwig Marcial Reynoso N\u00fa\u00f1ez, as\u00ed como el secretario t\u00e9cnico de la Oficina de la Gobernadora, Pablo Andr\u00e9 Gordillo.<\/p>\n","protected":false},"excerpt":{"rendered":"<p>Chilpancingo, Gro., a 09 de marzo 2022.- La Junta de Coordinaci\u00f3n Pol\u00edtica del Congreso del Estado sostuvo una primera reuni\u00f3n con presidentas y presidentes municipales de Guerrero con el prop\u00f3sito de establecer los canales de comunicaci\u00f3n y mecanismos de acompa\u00f1amiento necesarios tendentes al desarrollo adecuado del proceso de consulta a los pueblos y comunidades ind\u00edgenas&#8230;<\/p>\n","protected":false},"author":1,"featured_media":2761,"comment_status":"closed","ping_status":"open","sticky":false,"template":"","format":"standard","meta":{"_monsterinsights_skip_tracking":false,"_monsterinsights_sitenote_active":false,"_monsterinsights_sitenote_note":"","_monsterinsights_sitenote_category":0,"footnotes":""},"categories":[3,55],"tags":[],"class_list":["post-2759","post","type-post","status-publish","format-standard","has-post-thumbnail","hentry","category-boletin","category-consulta-2022"],"aioseo_notices":[],"_links":{"self":[{"href":"https:\/\/congresogro.gob.mx\/63\/inicio\/wp-json\/wp\/v2\/posts\/2759","targetHints":{"allow":["GET"]}}],"collection":[{"href":"https:\/\/congresogro.gob.mx\/63\/inicio\/wp-json\/wp\/v2\/posts"}],"about":[{"href":"https:\/\/congresogro.gob.mx\/63\/inicio\/wp-json\/wp\/v2\/types\/post"}],"author":[{"embeddable":true,"href":"https:\/\/congresogro.gob.mx\/63\/inicio\/wp-json\/wp\/v2\/users\/1"}],"replies":[{"embeddable":true,"href":"https:\/\/congresogro.gob.mx\/63\/inicio\/wp-json\/wp\/v2\/comments?post=2759"}],"version-history":[{"count":1,"href":"https:\/\/congresogro.gob.mx\/63\/inicio\/wp-json\/wp\/v2\/posts\/2759\/revisions"}],"predecessor-version":[{"id":2762,"href":"https:\/\/congresogro.gob.mx\/63\/inicio\/wp-json\/wp\/v2\/posts\/2759\/revisions\/2762"}],"wp:featuredmedia":[{"embeddable":true,"href":"https:\/\/congresogro.gob.mx\/63\/inicio\/wp-json\/wp\/v2\/media\/2761"}],"wp:attachment":[{"href":"https:\/\/congresogro.gob.mx\/63\/inicio\/wp-json\/wp\/v2\/media?parent=2759"}],"wp:term":[{"taxonomy":"category","embeddable":true,"href":"https:\/\/congresogro.gob.mx\/63\/inicio\/wp-json\/wp\/v2\/categories?post=2759"},{"taxonomy":"post_tag","embeddable":true,"href":"https:\/\/congresogro.gob.mx\/63\/inicio\/wp-json\/wp\/v2\/tags?post=2759"}],"curies":[{"name":"wp","href":"https:\/\/api.w.org\/{rel}","templated":true}]}}