{"id":2751,"date":"2022-03-14T19:54:19","date_gmt":"2022-03-15T01:54:19","guid":{"rendered":"https:\/\/congresogro.gob.mx\/63\/inicio\/?p=2751"},"modified":"2022-03-14T19:54:19","modified_gmt":"2022-03-15T01:54:19","slug":"retomara-lxiii-legislatura-las-propuestas-hechas-en-el-parlamento-de-mujeres-guerrerenses-2022","status":"publish","type":"post","link":"https:\/\/congresogro.gob.mx\/63\/inicio\/2022\/03\/14\/retomara-lxiii-legislatura-las-propuestas-hechas-en-el-parlamento-de-mujeres-guerrerenses-2022\/","title":{"rendered":"RETOMAR\u00c1 LXIII LEGISLATURA LAS PROPUESTAS HECHAS  EN EL PARLAMENTO DE MUJERES GUERRERENSES 2022"},"content":{"rendered":"<p style=\"text-align: justify;\"><strong>Chilpancingo, Gro., 14 de marzo de 2022.- <\/strong>Las propuestas emanadas del Parlamento de Mujeres Guerrerenses 2022 ser\u00e1n retomadas por las y los diputados de la LXIII Legislatura para integrar una agenda legislativa encaminada a eliminar toda forma de discriminaci\u00f3n y violencia por razones de g\u00e9nero, que garantice los derechos de este sector en todos los \u00e1mbitos.<\/p>\n<p style=\"text-align: justify;\">Al dar la bienvenida a las participantes, la presidenta de la Mesa Directiva, diputada Flor A\u00f1orve Ocampo, resalt\u00f3 que en el estado y el pa\u00eds las mujeres han dado una gran lucha por lograr la equidad de g\u00e9nero, y derivado de eso se han dado avances importantes, como el hecho de la LXIII Legislatura, por primera vez en la historia de Guerrero, se conforme de manera paritaria con 23 mujeres y 23 hombres.<\/p>\n<p style=\"text-align: justify;\">Sin embargo, manifest\u00f3 que a\u00fan no es suficiente, ya que se tiene que lograr que en todos los espacios de toma de decisiones existan m\u00e1s mujeres. Por ello, dijo que este evento servir\u00e1 para que las y los diputados encabecen las propuestas que se hagan y las conviertan en iniciativas de Ley, en beneficio de Guerrero.<\/p>\n<p style=\"text-align: justify;\">En su oportunidad, la diputada Gabriela Bernal Res\u00e9ndiz, presidenta de la Comisi\u00f3n Para la Igualdad de G\u00e9nero, refiri\u00f3 que la participaci\u00f3n pol\u00edtica de la mujer es indispensable para el ejercicio de una democracia plena. Ante esto, agreg\u00f3, el abrir espacios de expresi\u00f3n es una necesidad constante para encontrar soluci\u00f3n a la diversa problem\u00e1tica que viven a diario.<\/p>\n<p style=\"text-align: justify;\">A\u00f1adi\u00f3 que este ejercicio tiene como objetivo escuchar los planteamientos, atender las inquietudes y, sobre todo, establecer acciones que permitan empoderar a las mujeres guerrerenses e impulsar su participaci\u00f3n pol\u00edtica.<\/p>\n<p style=\"text-align: justify;\">En su mensaje, la titular de la Secretar\u00eda de la Mujer del Gobierno del Estado, Violeta Pino Gir\u00f3n, se\u00f1al\u00f3 que la participaci\u00f3n de las mujeres parlamentarias es fundamental, a efecto de exigir constantemente al Gobierno y al Congreso la oportunidad de tener mejores leyes, pol\u00edticas p\u00fablicas e instituciones a favor de \u00e9stas.<\/p>\n<p style=\"text-align: justify;\">Confi\u00f3 en que se propondr\u00e1n iniciativas para garantizar los derechos econ\u00f3micos de las mujeres, para vivir sin violencia, mejoras en la salud y en la educaci\u00f3n, para que tengan oportunidad de acceder a una carrera profesional y puedan emitir su opini\u00f3n libremente, sin que sean reprimidas ni encarceladas.<\/p>\n<p style=\"text-align: justify;\">En ese sentido, dijo que el Gobierno del Estado estar\u00e1 pendiente para recoger las inquietudes, demandas y exigencias de cada una de las mujeres, gracias a que se trae una agenda legislativa que tiene que ver con la paridad no s\u00f3lo en el Congreso, sino en los tribunales y dem\u00e1s instituciones.<\/p>\n<p style=\"text-align: justify;\">Al inaugurar el Parlamento de Mujeres Guerrerenses 2022, el diputado Alfredo S\u00e1nchez Esquivel, presidente de la Junta de Coordinaci\u00f3n Pol\u00edtica, asegur\u00f3 que las propuestas que se hagan ser\u00e1n retomadas por las y los diputados para que se pueda reformar o derogar una ley que pueda estar afectando los derechos de las mujeres, y con ello coadyuvar a la paridad de g\u00e9nero.<\/p>\n<p style=\"text-align: justify;\">Indic\u00f3 que no es suficiente que dicho evento sea s\u00f3lo por un d\u00eda, ya que hay muchos temas por abordar y los planteamientos de las mujeres van mucho m\u00e1s all\u00e1 del g\u00e9nero femenino, abarcando todas las ramas y aspectos de la vida cotidiana de las y los guerrerenses.<\/p>\n<p style=\"text-align: justify;\">S\u00e1nchez Esquivel consider\u00f3 necesario poner a disposici\u00f3n de la Comisi\u00f3n Para la Igualdad de G\u00e9nero el equipo t\u00e9cnico del Congreso, a efecto de desarrollar un taller que brinde conocimientos sobre los temas legislativos y se propongan iniciativas con soporte t\u00e9cnico, adem\u00e1s de poder contar con mujeres preparadas en este \u00e1mbito.<\/p>\n<p style=\"text-align: justify;\">Al evento asistieron tambi\u00e9n las y los diputados Gloria Citlalli Calixto Jim\u00e9nez, Alicia Zamora Villalva, Leticia Mosso Hern\u00e1ndez, Patricia Doroteo Calder\u00f3n, Susana Paola Ju\u00e1rez G\u00f3mez, Ana Lenis Res\u00e9ndiz Javier, Marben de la Cruz Santiago, Mar\u00eda Flores Maldonado, Leticia Castro Ortiz, Beatriz Mojica Morga, Jessica Ivette Alejo Rayo y Osbaldo R\u00edos Manrique.<\/p>\n<p style=\"text-align: justify;\">Tambi\u00e9n la presidenta del Instituto Electoral y de Participaci\u00f3n Ciudadana del estado, Luz Fabiola Matildes Gama; la magistrada del Tribunal Estatal Electoral Alma Delia Eugenio Alcaraz, y en representaci\u00f3n del Tribunal Superior de Justicia la magistrada Indalecia Pacheco Le\u00f3n, as\u00ed como la directora estatal para Prevenir la Violencia Contra la Mujer, Yenedith Barrientos Santiago.<\/p>\n","protected":false},"excerpt":{"rendered":"<p>Chilpancingo, Gro., 14 de marzo de 2022.- Las propuestas emanadas del Parlamento de Mujeres Guerrerenses 2022 ser\u00e1n retomadas por las y los diputados de la LXIII Legislatura para integrar una agenda legislativa encaminada a eliminar toda forma de discriminaci\u00f3n y violencia por razones de g\u00e9nero, que garantice los derechos de este sector en todos los&#8230;<\/p>\n","protected":false},"author":1,"featured_media":2753,"comment_status":"closed","ping_status":"open","sticky":false,"template":"","format":"standard","meta":{"_monsterinsights_skip_tracking":false,"_monsterinsights_sitenote_active":false,"_monsterinsights_sitenote_note":"","_monsterinsights_sitenote_category":0,"footnotes":""},"categories":[3],"tags":[],"class_list":["post-2751","post","type-post","status-publish","format-standard","has-post-thumbnail","hentry","category-boletin"],"aioseo_notices":[],"_links":{"self":[{"href":"https:\/\/congresogro.gob.mx\/63\/inicio\/wp-json\/wp\/v2\/posts\/2751","targetHints":{"allow":["GET"]}}],"collection":[{"href":"https:\/\/congresogro.gob.mx\/63\/inicio\/wp-json\/wp\/v2\/posts"}],"about":[{"href":"https:\/\/congresogro.gob.mx\/63\/inicio\/wp-json\/wp\/v2\/types\/post"}],"author":[{"embeddable":true,"href":"https:\/\/congresogro.gob.mx\/63\/inicio\/wp-json\/wp\/v2\/users\/1"}],"replies":[{"embeddable":true,"href":"https:\/\/congresogro.gob.mx\/63\/inicio\/wp-json\/wp\/v2\/comments?post=2751"}],"version-history":[{"count":1,"href":"https:\/\/congresogro.gob.mx\/63\/inicio\/wp-json\/wp\/v2\/posts\/2751\/revisions"}],"predecessor-version":[{"id":2754,"href":"https:\/\/congresogro.gob.mx\/63\/inicio\/wp-json\/wp\/v2\/posts\/2751\/revisions\/2754"}],"wp:featuredmedia":[{"embeddable":true,"href":"https:\/\/congresogro.gob.mx\/63\/inicio\/wp-json\/wp\/v2\/media\/2753"}],"wp:attachment":[{"href":"https:\/\/congresogro.gob.mx\/63\/inicio\/wp-json\/wp\/v2\/media?parent=2751"}],"wp:term":[{"taxonomy":"category","embeddable":true,"href":"https:\/\/congresogro.gob.mx\/63\/inicio\/wp-json\/wp\/v2\/categories?post=2751"},{"taxonomy":"post_tag","embeddable":true,"href":"https:\/\/congresogro.gob.mx\/63\/inicio\/wp-json\/wp\/v2\/tags?post=2751"}],"curies":[{"name":"wp","href":"https:\/\/api.w.org\/{rel}","templated":true}]}}