{"id":2745,"date":"2022-03-14T19:52:36","date_gmt":"2022-03-15T01:52:36","guid":{"rendered":"https:\/\/congresogro.gob.mx\/63\/inicio\/?p=2745"},"modified":"2022-03-14T19:53:02","modified_gmt":"2022-03-15T01:53:02","slug":"llevan-sus-propuestas-al-congreso-del-estado-las-participantes-del-parlamento-de-mujeres-guerrerenses-2022","status":"publish","type":"post","link":"https:\/\/congresogro.gob.mx\/63\/inicio\/2022\/03\/14\/llevan-sus-propuestas-al-congreso-del-estado-las-participantes-del-parlamento-de-mujeres-guerrerenses-2022\/","title":{"rendered":"LLEVAN SUS PROPUESTAS AL CONGRESO DEL ESTADO LAS PARTICIPANTES DEL PARLAMENTO DE MUJERES GUERRERENSES 2022"},"content":{"rendered":"<p style=\"text-align: justify;\"><strong>Chilpancingo, Gro., 14 de marzo de 2022<\/strong>.- Participantes del parlamento de Mujeres Guerrerenses 2022 plantearon la necesidad de legislar para erradicar todos los tipos de violencia contra las mujeres y garantizar el respeto a sus derechos humanos, as\u00ed como reconocer el autismo como una discapacidad e integrar un presupuesto con perspectiva de g\u00e9nero.<\/p>\n<p style=\"text-align: justify;\">Esto al fijar posturas y presentar conclusiones desde la tribuna del Congreso del Estado, a nombre de las comisiones de Mujeres Ind\u00edgenas, Mujeres con Discapacidad, Paridad de G\u00e9nero (Reformas pendientes), Acciones para prevenir y erradicar la violencia de g\u00e9nero, Presupuesto con perspectiva de g\u00e9nero, Derechos de las mujeres, Espacios libres de violencia y Violencia pol\u00edtica.<\/p>\n<p style=\"text-align: justify;\">En las conclusiones de la Comisi\u00f3n de Mujeres Ind\u00edgenas, se plante\u00f3 establecer en las leyes la denominaci\u00f3n de mujeres ind\u00edgenas, afromexicanas y afroind\u00edgenas, para promover su reconocimiento. Asimismo, para que exista paridad en los nombramientos de las comisar\u00edas de bienes comunales y que se promueva una educaci\u00f3n con perspectiva de g\u00e9nero desde el nivel b\u00e1sico.<\/p>\n<p style=\"text-align: justify;\">Tambi\u00e9n propusieron tipificar la violencia pol\u00edtica, digital o medi\u00e1tica, y la obst\u00e9trica, y que se establezca una tercera alerta de violencia de g\u00e9nero contra las mujeres por uniones o matrimonios forzados, para garantizar el respeto a los derechos humanos de las mujeres ind\u00edgenas.<\/p>\n<p style=\"text-align: justify;\">La Comisi\u00f3n de Mujeres con Discapacidad destac\u00f3 la importancia de que se reconozca el autismo como una discapacidad psicosocial, que se asignen recursos en el presupuesto para implementar campa\u00f1as de informaci\u00f3n, as\u00ed como crear centros de atenci\u00f3n especializados para este padecimiento.<\/p>\n<p style=\"text-align: justify;\">En la Comisi\u00f3n de Paridad de G\u00e9nero, las parlamentaristas concluyeron que es necesario acceder a una verdadera paridad de g\u00e9nero en todos los \u00e1mbitos, y que quienes lleguen a estos espacios sean promotoras de los derechos humanos.<\/p>\n<p style=\"text-align: justify;\">Demandaron tambi\u00e9n la existencia de Casas de Justicia en todo el estado, donde se implementen talleres y programas enfocados a educar y reeducar con perspectiva de g\u00e9nero, porque \u201cla paridad sin perspectiva de g\u00e9nero no funciona\u201d.<\/p>\n<p style=\"text-align: justify;\">En los trabajos de la Comisi\u00f3n de acciones para erradicar la violencia de g\u00e9nero se plante\u00f3 garantizar el acceso a la justicia de las v\u00edctimas de violencia y de feminicidio, con sentencias libres de corrupci\u00f3n, as\u00ed como la ense\u00f1anza de los derechos humanos en los niveles b\u00e1sicos de educaci\u00f3n, para que las nuevas generaciones conozcan de su existencia, vigencia y aplicabilidad en el pa\u00eds y en la entidad.<\/p>\n<p style=\"text-align: justify;\">Al hablar sobre las conclusiones de la Comisi\u00f3n de Presupuesto con perspectiva de g\u00e9nero, se pronunciaron en favor de asignar un presupuesto para establecer pol\u00edticas p\u00fablicas, programas y acciones dirigidas a las mujeres, que les permita contar con un ambiente de oportunidad, sin racismo ni discriminaci\u00f3n.<\/p>\n<p style=\"text-align: justify;\">En el tema de los Derechos humanos de las mujeres, se pronunciaron a favor de que se legisle por los derechos humanos plenos de las mismas, para que no haya m\u00e1s mujeres violentadas, y que se permita su participaci\u00f3n pol\u00edtica tanto en cargos p\u00fablicos como en de elecci\u00f3n popular.<\/p>\n<p style=\"text-align: justify;\">Para tener espacios libres de violencia, las parlamentaristas pidieron crear un v\u00ednculo estrat\u00e9gico entre organizaciones de la sociedad civil e instituciones de los tres \u00f3rdenes de gobierno para posibilitar una mejor atenci\u00f3n y cobertura en los servicios hacia las mujeres y ni\u00f1as de la entidad, as\u00ed como generar redes ciudadanas en las regiones para compartir informaci\u00f3n en materia de derechos humanos y reformar las normas sociales contra la desigualdad, discriminaci\u00f3n, faltas de respeto y violencia.<\/p>\n<p style=\"text-align: justify;\">Finalmente, en los trabajos de la Comisi\u00f3n de Violencia Pol\u00edtica se pronunciaron por la capacitaci\u00f3n obligatoria de g\u00e9nero; crear una unidad de g\u00e9nero en los tres poderes del Estado y fortalecer a la Secretar\u00eda de la Mujer en esta materia, adem\u00e1s de asignar mayores recursos para que la dependencia cumpla de manera m\u00e1s efectiva con su funci\u00f3n.<\/p>\n<p style=\"text-align: justify;\">Del mismo modo, reclamaron que las mujeres est\u00e9n representadas en todos los espacios de toma de decisiones, desde las delegaciones y comisar\u00edas, hasta los m\u00e1s altos niveles de gobierno en la entidad.<\/p>\n","protected":false},"excerpt":{"rendered":"<p>Chilpancingo, Gro., 14 de marzo de 2022.- Participantes del parlamento de Mujeres Guerrerenses 2022 plantearon la necesidad de legislar para erradicar todos los tipos de violencia contra las mujeres y garantizar el respeto a sus derechos humanos, as\u00ed como reconocer el autismo como una discapacidad e integrar un presupuesto con perspectiva de g\u00e9nero. Esto al&#8230;<\/p>\n","protected":false},"author":1,"featured_media":2747,"comment_status":"closed","ping_status":"open","sticky":false,"template":"","format":"standard","meta":{"_monsterinsights_skip_tracking":false,"_monsterinsights_sitenote_active":false,"_monsterinsights_sitenote_note":"","_monsterinsights_sitenote_category":0,"footnotes":""},"categories":[3],"tags":[],"class_list":["post-2745","post","type-post","status-publish","format-standard","has-post-thumbnail","hentry","category-boletin"],"aioseo_notices":[],"_links":{"self":[{"href":"https:\/\/congresogro.gob.mx\/63\/inicio\/wp-json\/wp\/v2\/posts\/2745","targetHints":{"allow":["GET"]}}],"collection":[{"href":"https:\/\/congresogro.gob.mx\/63\/inicio\/wp-json\/wp\/v2\/posts"}],"about":[{"href":"https:\/\/congresogro.gob.mx\/63\/inicio\/wp-json\/wp\/v2\/types\/post"}],"author":[{"embeddable":true,"href":"https:\/\/congresogro.gob.mx\/63\/inicio\/wp-json\/wp\/v2\/users\/1"}],"replies":[{"embeddable":true,"href":"https:\/\/congresogro.gob.mx\/63\/inicio\/wp-json\/wp\/v2\/comments?post=2745"}],"version-history":[{"count":2,"href":"https:\/\/congresogro.gob.mx\/63\/inicio\/wp-json\/wp\/v2\/posts\/2745\/revisions"}],"predecessor-version":[{"id":2750,"href":"https:\/\/congresogro.gob.mx\/63\/inicio\/wp-json\/wp\/v2\/posts\/2745\/revisions\/2750"}],"wp:featuredmedia":[{"embeddable":true,"href":"https:\/\/congresogro.gob.mx\/63\/inicio\/wp-json\/wp\/v2\/media\/2747"}],"wp:attachment":[{"href":"https:\/\/congresogro.gob.mx\/63\/inicio\/wp-json\/wp\/v2\/media?parent=2745"}],"wp:term":[{"taxonomy":"category","embeddable":true,"href":"https:\/\/congresogro.gob.mx\/63\/inicio\/wp-json\/wp\/v2\/categories?post=2745"},{"taxonomy":"post_tag","embeddable":true,"href":"https:\/\/congresogro.gob.mx\/63\/inicio\/wp-json\/wp\/v2\/tags?post=2745"}],"curies":[{"name":"wp","href":"https:\/\/api.w.org\/{rel}","templated":true}]}}