{"id":2500,"date":"2022-03-13T12:01:16","date_gmt":"2022-03-13T18:01:16","guid":{"rendered":"https:\/\/congresogro.gob.mx\/63\/inicio\/?p=2500"},"modified":"2022-03-14T12:02:12","modified_gmt":"2022-03-14T18:02:12","slug":"plantearan-en-el-congreso-del-estado-instituir-el-parlamento-de-migrantes-guerrerenses","status":"publish","type":"post","link":"https:\/\/congresogro.gob.mx\/63\/inicio\/2022\/03\/13\/plantearan-en-el-congreso-del-estado-instituir-el-parlamento-de-migrantes-guerrerenses\/","title":{"rendered":"PLANTEAR\u00c1N EN EL CONGRESO DEL ESTADO  INSTITUIR EL PARLAMENTO DE MIGRANTES GUERRERENSES"},"content":{"rendered":"<p style=\"text-align: justify;\"><strong>Chilpancingo, Gro., a 13 de marzo DE 2022.- <\/strong>El diputado Antonio Helguera Jim\u00e9nez, presidente del Comit\u00e9 del Instituto de Estudios Parlamentarios \u00abEduardo Neri\u00bb del Congreso del Estado, sostuvo una reuni\u00f3n con l\u00edderes migrantes guerrerenses radicados en EUA, en la que particip\u00f3 tambi\u00e9n el subsecretario de Gobierno, Ernesto Fidel Pay\u00e1n, y se plante\u00f3 promover el primer \u201cParlamento Migrante\u00bb.<\/p>\n<p style=\"text-align: justify;\">Dicha actividad se propone llevar a cabo el pr\u00f3ximo mes de octubre, para que participen representantes de connacionales migrantes y expongan en el Pleno los asuntos que consideren deben ser atendidos por los distintos niveles de gobierno y el propio Poder Legislativo.<\/p>\n<p style=\"text-align: justify;\">Entre otros acuerdos est\u00e1 promover que en el Congreso se instituya la \u201cPresea al M\u00e9rito Migrante\u201d, para otorgarse a guerrerenses destacados que desde el lugar de residencia demuestran el compromiso con sus pueblos.<\/p>\n<p style=\"text-align: justify;\">En esta reuni\u00f3n estuvo presente la doctora Guadalupe Loyo Malabar, presidenta de Casa Guerrero Nevada, en Las Vegas, galardonada en 2018 por el Senado de la Rep\u00fablica.<\/p>\n<p style=\"text-align: justify;\">Helguera Jim\u00e9nez manifest\u00f3 que estas acciones ser\u00edan un reconocimiento a los migrantes, por su esfuerzo, aportaci\u00f3n a la econom\u00eda del estado y a la econom\u00eda familiar, y por su talento y solidaridad con el desarrollo social. \u00ab\u00a1Todos reconocemos el hecho de que nuestros connacionales ayudan con las remesas al desarrollo de los pueblos y las familias guerrerenses, al pa\u00eds en general!\u00bb, enfatiz\u00f3.<\/p>\n<p style=\"text-align: justify;\">Habl\u00f3 de que otra de las acciones que podr\u00edan implementarse son reuniones binacionales con congresistas de Estados Unidos y de Guerrero, para que a trav\u00e9s de acciones en conjunto se protejan los derechos humanos de los migrantes y acciones de promoci\u00f3n del desarrollo regional de Guerrero.<\/p>\n<p style=\"text-align: justify;\">En esta reuni\u00f3n tambi\u00e9n participaron el encargado de despacho del Instituto de Estudios Parlamentaarios \u00abEduardo Neri\u00bb, Jos\u00e9 Luis Navarro Jaimes;\u00a0 el Dr Carlos Alberto Fern\u00e1ndez Santamar\u00eda, rector de la Universidad del Migrante de Nevada, EUA y Carlos Alberto Ortega Cruz, este jefe de Vinculaci\u00f3n del Grupo Sansum Universidad del Migrante, as\u00ed como el periodista de reconocida trayectoria nacional e internacional.<\/p>\n","protected":false},"excerpt":{"rendered":"<p>Chilpancingo, Gro., a 13 de marzo DE 2022.- El diputado Antonio Helguera Jim\u00e9nez, presidente del Comit\u00e9 del Instituto de Estudios Parlamentarios \u00abEduardo Neri\u00bb del Congreso del Estado, sostuvo una reuni\u00f3n con l\u00edderes migrantes guerrerenses radicados en EUA, en la que particip\u00f3 tambi\u00e9n el subsecretario de Gobierno, Ernesto Fidel Pay\u00e1n, y se plante\u00f3 promover el primer&#8230;<\/p>\n","protected":false},"author":1,"featured_media":2502,"comment_status":"closed","ping_status":"open","sticky":false,"template":"","format":"standard","meta":{"_monsterinsights_skip_tracking":false,"_monsterinsights_sitenote_active":false,"_monsterinsights_sitenote_note":"","_monsterinsights_sitenote_category":0,"footnotes":""},"categories":[17,3],"tags":[],"class_list":["post-2500","post","type-post","status-publish","format-standard","has-post-thumbnail","hentry","category-antonio-helguera-jimenez","category-boletin"],"aioseo_notices":[],"_links":{"self":[{"href":"https:\/\/congresogro.gob.mx\/63\/inicio\/wp-json\/wp\/v2\/posts\/2500","targetHints":{"allow":["GET"]}}],"collection":[{"href":"https:\/\/congresogro.gob.mx\/63\/inicio\/wp-json\/wp\/v2\/posts"}],"about":[{"href":"https:\/\/congresogro.gob.mx\/63\/inicio\/wp-json\/wp\/v2\/types\/post"}],"author":[{"embeddable":true,"href":"https:\/\/congresogro.gob.mx\/63\/inicio\/wp-json\/wp\/v2\/users\/1"}],"replies":[{"embeddable":true,"href":"https:\/\/congresogro.gob.mx\/63\/inicio\/wp-json\/wp\/v2\/comments?post=2500"}],"version-history":[{"count":1,"href":"https:\/\/congresogro.gob.mx\/63\/inicio\/wp-json\/wp\/v2\/posts\/2500\/revisions"}],"predecessor-version":[{"id":2503,"href":"https:\/\/congresogro.gob.mx\/63\/inicio\/wp-json\/wp\/v2\/posts\/2500\/revisions\/2503"}],"wp:featuredmedia":[{"embeddable":true,"href":"https:\/\/congresogro.gob.mx\/63\/inicio\/wp-json\/wp\/v2\/media\/2502"}],"wp:attachment":[{"href":"https:\/\/congresogro.gob.mx\/63\/inicio\/wp-json\/wp\/v2\/media?parent=2500"}],"wp:term":[{"taxonomy":"category","embeddable":true,"href":"https:\/\/congresogro.gob.mx\/63\/inicio\/wp-json\/wp\/v2\/categories?post=2500"},{"taxonomy":"post_tag","embeddable":true,"href":"https:\/\/congresogro.gob.mx\/63\/inicio\/wp-json\/wp\/v2\/tags?post=2500"}],"curies":[{"name":"wp","href":"https:\/\/api.w.org\/{rel}","templated":true}]}}