{"id":2484,"date":"2022-03-10T16:14:46","date_gmt":"2022-03-10T22:14:46","guid":{"rendered":"https:\/\/congresogro.gob.mx\/63\/inicio\/?p=2484"},"modified":"2022-03-12T16:15:39","modified_gmt":"2022-03-12T22:15:39","slug":"capacita-iepc-a-cuerpo-tecnico-del-congreso-con-miras-a-la-preconsulta-en-pueblos-indigenas-y-afromexicanos","status":"publish","type":"post","link":"https:\/\/congresogro.gob.mx\/63\/inicio\/2022\/03\/10\/capacita-iepc-a-cuerpo-tecnico-del-congreso-con-miras-a-la-preconsulta-en-pueblos-indigenas-y-afromexicanos\/","title":{"rendered":"CAPACITA IEPC A CUERPO T\u00c9CNICO DEL CONGRESO CON MIRAS A LA PRECONSULTA EN PUEBLOS IND\u00cdGENAS Y AFROMEXICANOS"},"content":{"rendered":"<p style=\"text-align: justify;\"><strong>Chilpancingo, Gro., a 10 de marzo 2022.- <\/strong>Personal t\u00e9cnico y asesores del Congreso de Guerrero recibieron capacitaci\u00f3n por parte de personal del Instituto Electoral y de Participaci\u00f3n Ciudadana (IEPC) sobre el proceso de consulta a pueblos y comunidades ind\u00edgenas y afromexicanas, que desarrolla actualmente el Poder Legislativo en coordinaci\u00f3n con el Ejecutivo estatal y organismos aut\u00f3nomos.<\/p>\n<p style=\"text-align: justify;\">Lo anterior, en apego al \u201cProtocolo para desarrollar de manera libre, previa, informada y de buena fe el proceso de consulta para poder crear, reformar, adicionar o derogar las leyes que impacten en la esfera de derechos a las comunidades y pueblos ind\u00edgenas y afromexicanos\u201d, y como pre\u00e1mbulo de los recorridos que por el territorio estatal har\u00e1n en breve las diputadas y diputados de la LXIII Legislatura, como parte del ejercicio de Preconsulta.<\/p>\n<p style=\"text-align: justify;\">Inauguraron y participaron en esta actividad la presidenta de la Mesa Directiva, diputada Flor A\u00f1orve Ocampo, as\u00ed como diputadas y diputados integrantes de la Junta de Coordinaci\u00f3n Pol\u00edtica y de diversas comisiones legislativas.<\/p>\n<p style=\"text-align: justify;\">Al dar un mensaje, el diputado H\u00e9ctor Apreza Patr\u00f3n, secretario de la Junta de Coordinaci\u00f3n Pol\u00edtica, asegur\u00f3 que el ejercicio democr\u00e1tico que en estrecha coordinaci\u00f3n organizan los poderes Legislativo y Ejecutivo de Guerrero, con el apoyo de organismos aut\u00f3nomos, habr\u00e1 de sujetarse al principio de convencionalidad, est\u00e1ndares y reglas emanadas de sentencias de tribunales del pa\u00eds e internacionales, en el firme af\u00e1n de hacer realidad el derecho a la consulta de los pueblos originarios.<\/p>\n<p style=\"text-align: justify;\">A\u00f1adi\u00f3 que ser\u00e1 hist\u00f3rico e in\u00e9dito salir y consultar, desde su territorio, a una amplia poblaci\u00f3n del estado acerca de temas centrales que definir\u00e1n su modo de vivir, hecho que requiere de un gran compromiso de las instituciones.<\/p>\n<p style=\"text-align: justify;\">Adem\u00e1s, dijo, a partir de este di\u00e1logo entre gobiernos y pueblos, se sentar\u00e1 un precedente que modificar\u00e1 la forma en que se realiza el trabajo parlamentario. \u201cEstamos por ver la transformaci\u00f3n y consolidaci\u00f3n del quehacer legislativo, ya que despu\u00e9s de esta consulta, no habr\u00e1 tema que no sea valorado con la ciudadan\u00eda, por el bien de Guerrero\u201d.<\/p>\n<p style=\"text-align: justify;\">Por su parte, la presidenta de la Mesa Directiva, diputada Flor A\u00f1orve Ocampo, manifest\u00f3 su confianza en el equipo t\u00e9cnico del Congreso que ir\u00e1 a realizar el ejercicio de preconsulta en los municipios y sus comunidades, mismo que, con la importante capacitaci\u00f3n que les est\u00e1 dando el personal del IEPC, har\u00e1 el mejor trabajo.<\/p>\n<p style=\"text-align: justify;\">Explic\u00f3 que este ejercicio de preconsulta es para saber c\u00f3mo y qu\u00e9 preguntar a los pobladores de las comunidades ind\u00edgenas y afromexicanos, a efecto de llegar a la Consulta con los temas centrales que les interesan.<\/p>\n<p style=\"text-align: justify;\">Agreg\u00f3 que el Protocolo aprobado por el Pleno del Congreso es un detonante para iniciar los trabajos en territorio, los cuales habr\u00e1n de desarrollar intensamente y con gran compromiso las y los legisladores, con el apoyo de sus asesores y secretarios t\u00e9cnicos; de ah\u00ed la importancia de la capacitaci\u00f3n.<\/p>\n<p style=\"text-align: justify;\">Dijo por \u00faltimo que con el esfuerzo coordinado entre Legislativo, Ejecutivo y organismos aut\u00f3nomos del estado, lo cual implica trabajo interinstitucional, habr\u00e1n de dar una respuesta clara y oportuna a la Suprema Corte de Justicia de la Naci\u00f3n que les mandat\u00f3 realizar las consultas.<\/p>\n<p style=\"text-align: justify;\">La capacitaci\u00f3n fue impartida por el titular de la Coordinaci\u00f3n de Sistemas Normativos Pluriculturales del Instituto Electoral y de Participaci\u00f3n Ciudadana (IEPC), Zenaido Ortiz A\u00f1orve, junto con la directora de Educaci\u00f3n C\u00edvica y Participaci\u00f3n Ciudadana de la misma instituci\u00f3n, Betzab\u00e9 L\u00f3pez L\u00f3pez.<\/p>\n<p style=\"text-align: justify;\">Asistieron al evento las y los diputados Raymundo Garc\u00eda Guti\u00e9rrez, Leticia Mosso Hern\u00e1ndez y Ana Lenis Res\u00e9ndiz Javier, vocales de la Jucopo; Julieta Fern\u00e1ndez M\u00e1rquez, Andr\u00e9s Guevara C\u00e1rdenas, Osbaldo R\u00edos Manrique, Ricardo Astudillo Calvo, Esteban Albarr\u00e1n Mendoza, Ang\u00e9lica Espinoza Garc\u00eda, Patricia Doroteo Calder\u00f3n, Gabriela Bernal Res\u00e9ndiz, Masedonio Mendoza Basurto, Olaguer Hern\u00e1ndez Flores, Alicia Elizabeth Zamora, Elzy Camacho Pineda, Bernardo Ortega Jim\u00e9nez, Jennyfer Garc\u00eda Lucena, Jessica Ivette Alejo Rayo y Leticia Castro Ortiz.<\/p>\n","protected":false},"excerpt":{"rendered":"<p>Chilpancingo, Gro., a 10 de marzo 2022.- Personal t\u00e9cnico y asesores del Congreso de Guerrero recibieron capacitaci\u00f3n por parte de personal del Instituto Electoral y de Participaci\u00f3n Ciudadana (IEPC) sobre el proceso de consulta a pueblos y comunidades ind\u00edgenas y afromexicanas, que desarrolla actualmente el Poder Legislativo en coordinaci\u00f3n con el Ejecutivo estatal y organismos&#8230;<\/p>\n","protected":false},"author":1,"featured_media":2486,"comment_status":"closed","ping_status":"open","sticky":false,"template":"","format":"standard","meta":{"_monsterinsights_skip_tracking":false,"_monsterinsights_sitenote_active":false,"_monsterinsights_sitenote_note":"","_monsterinsights_sitenote_category":0,"footnotes":""},"categories":[3,55],"tags":[],"class_list":["post-2484","post","type-post","status-publish","format-standard","has-post-thumbnail","hentry","category-boletin","category-consulta-2022"],"aioseo_notices":[],"_links":{"self":[{"href":"https:\/\/congresogro.gob.mx\/63\/inicio\/wp-json\/wp\/v2\/posts\/2484","targetHints":{"allow":["GET"]}}],"collection":[{"href":"https:\/\/congresogro.gob.mx\/63\/inicio\/wp-json\/wp\/v2\/posts"}],"about":[{"href":"https:\/\/congresogro.gob.mx\/63\/inicio\/wp-json\/wp\/v2\/types\/post"}],"author":[{"embeddable":true,"href":"https:\/\/congresogro.gob.mx\/63\/inicio\/wp-json\/wp\/v2\/users\/1"}],"replies":[{"embeddable":true,"href":"https:\/\/congresogro.gob.mx\/63\/inicio\/wp-json\/wp\/v2\/comments?post=2484"}],"version-history":[{"count":1,"href":"https:\/\/congresogro.gob.mx\/63\/inicio\/wp-json\/wp\/v2\/posts\/2484\/revisions"}],"predecessor-version":[{"id":2487,"href":"https:\/\/congresogro.gob.mx\/63\/inicio\/wp-json\/wp\/v2\/posts\/2484\/revisions\/2487"}],"wp:featuredmedia":[{"embeddable":true,"href":"https:\/\/congresogro.gob.mx\/63\/inicio\/wp-json\/wp\/v2\/media\/2486"}],"wp:attachment":[{"href":"https:\/\/congresogro.gob.mx\/63\/inicio\/wp-json\/wp\/v2\/media?parent=2484"}],"wp:term":[{"taxonomy":"category","embeddable":true,"href":"https:\/\/congresogro.gob.mx\/63\/inicio\/wp-json\/wp\/v2\/categories?post=2484"},{"taxonomy":"post_tag","embeddable":true,"href":"https:\/\/congresogro.gob.mx\/63\/inicio\/wp-json\/wp\/v2\/tags?post=2484"}],"curies":[{"name":"wp","href":"https:\/\/api.w.org\/{rel}","templated":true}]}}