{"id":2385,"date":"2022-03-07T09:06:03","date_gmt":"2022-03-07T15:06:03","guid":{"rendered":"https:\/\/congresogro.gob.mx\/63\/inicio\/?p=2385"},"modified":"2022-03-11T20:46:58","modified_gmt":"2022-03-12T02:46:58","slug":"se-reunen-diputados-autoridades-del-gobierno-estatal-y-titulares-de-organismos-autonomos-para-afinar-detalles-de-la-consulta-a-los-pueblos-originarios","status":"publish","type":"post","link":"https:\/\/congresogro.gob.mx\/63\/inicio\/2022\/03\/07\/se-reunen-diputados-autoridades-del-gobierno-estatal-y-titulares-de-organismos-autonomos-para-afinar-detalles-de-la-consulta-a-los-pueblos-originarios\/","title":{"rendered":"SE REUNEN DIPUTADOS, AUTORIDADES DEL GOBIERNO ESTATAL Y TITULARES DE ORGANISMOS AUT\u00d3NOMOS PARA AFINAR DETALLES DE LA CONSULTA A LOS PUEBLOS ORIGINARIOS"},"content":{"rendered":"<p style=\"text-align: justify;\"><strong>Chilpancingo, Gro., 07 marzo de 2022.-<\/strong> Diputadas y diputados integrantes de la Junta de Coordinaci\u00f3n Pol\u00edtica (Jucopo) y Mesa Directiva del Congreso del Estado se reunieron con autoridades del Poder Ejecutivo y organismos aut\u00f3nomos, en lo que denomin\u00f3 como la \u00abMesa de Alto Consenso para el Proceso de Consulta a los Pueblos y Comunidades Ind\u00edgenas y Afromexicanas\u00bb.<\/p>\n<p style=\"text-align: justify;\">Al hacer uso de la palabra, el presidente de la Jucopo, diputado Alfredo S\u00e1nchez Esquivel, manifest\u00f3 que el Congreso de Guerrero est\u00e1 comprometido con las comunidades ind\u00edgenas, con los pueblos originarios y con las comunidades afromexicanas, y muestra de ello es que, de la mano con el Gobierno del Estado y los \u00f3rganos aut\u00f3nomos, se est\u00e1 construyendo un importante Protocolo que ser\u00e1 referencia y ruta de trabajo para poder cumplir con el mandato de la SCJN.<\/p>\n<p style=\"text-align: justify;\">\u201cLo que se busca es poder agilizar, en la medida de lo posible, este importante proceso de consulta, y que entre todos se vaya dando soporte al mismo\u201d, apunt\u00f3.<\/p>\n<p style=\"text-align: justify;\">A\u00f1adi\u00f3 que el Congreso local dar\u00e1 cabal cumplimiento al ordenamiento de la Suprema Corte de Justicia de la Naci\u00f3n, para lo cual dicha Mesa dar\u00e1 mayor claridad a lo que se est\u00e1 haciendo desde el Poder Legislativo en dicho proyecto que ser\u00e1 \u201chist\u00f3rico\u201d y de gran beneficio para los pueblos originarios.<\/p>\n<p style=\"text-align: justify;\">Por su parte, la presidenta de la Mesa Directiva, diputada Flor A\u00f1orve Ocampo, junto a los diputados <span class=\"nc684nl6\">Alfredo S\u00e1nchez Esquivel<\/span>, <span class=\"nc684nl6\">H\u00e9ctor Apreza Patr\u00f3n<\/span>, <span class=\"nc684nl6\">Raymundo Garc\u00eda Gutierrez<\/span>, <span class=\"nc684nl6\">Leticia Mosso Hern\u00e1ndez<\/span>, <span class=\"nc684nl6\">Manuel Qui\u00f1\u00f3nez<\/span> Cort\u00e9s y <span class=\"nc684nl6\">Ana Lenis Res\u00e9ndiz Javier<\/span>, presidente, secretario y vocales de la Jucopo, respectivamente, coincidieron en que este debe ser un proceso que garantice realmente el derecho de los pueblos a ser escuchados.<\/p>\n<p style=\"text-align: justify;\">En ese sentido, externaron que la prioridad de la LXIII Legislatura debe ser el desarrollo de una consulta con enfoque ciudadano, que siente un precedente en el estado y permita que sea ampliamente respetado el derecho constitucional de las comunidades ind\u00edgenas y afromexicanas a ser consultados.<\/p>\n<p style=\"text-align: justify;\">Participaron en los trabajos el secretario general de Gobierno, Ludwig Marcial Reynoso N\u00fa\u00f1ez; el director jur\u00eddico de la Secretar\u00eda de Finanzas estatal, Jorge Salgado Parra; la presidenta de la Comisi\u00f3n de Derechos Humanos del Estado de Guerrero, Cecilia Narciso Gayt\u00e1n; la consejera presidenta del Instituto Electoral y de Participaci\u00f3n Ciudadana del Estado, Luz Fabiola Matildes Gama, y representantes del Instituto Nacional de los Pueblos Ind\u00edgenas (INPI).<\/p>\n","protected":false},"excerpt":{"rendered":"<p>Chilpancingo, Gro., 07 marzo de 2022.- Diputadas y diputados integrantes de la Junta de Coordinaci\u00f3n Pol\u00edtica (Jucopo) y Mesa Directiva del Congreso del Estado se reunieron con autoridades del Poder Ejecutivo y organismos aut\u00f3nomos, en lo que denomin\u00f3 como la \u00abMesa de Alto Consenso para el Proceso de Consulta a los Pueblos y Comunidades Ind\u00edgenas&#8230;<\/p>\n","protected":false},"author":1,"featured_media":2387,"comment_status":"closed","ping_status":"open","sticky":false,"template":"","format":"standard","meta":{"_monsterinsights_skip_tracking":false,"_monsterinsights_sitenote_active":false,"_monsterinsights_sitenote_note":"","_monsterinsights_sitenote_category":0,"footnotes":""},"categories":[3,55],"tags":[],"class_list":["post-2385","post","type-post","status-publish","format-standard","has-post-thumbnail","hentry","category-boletin","category-consulta-2022"],"aioseo_notices":[],"_links":{"self":[{"href":"https:\/\/congresogro.gob.mx\/63\/inicio\/wp-json\/wp\/v2\/posts\/2385","targetHints":{"allow":["GET"]}}],"collection":[{"href":"https:\/\/congresogro.gob.mx\/63\/inicio\/wp-json\/wp\/v2\/posts"}],"about":[{"href":"https:\/\/congresogro.gob.mx\/63\/inicio\/wp-json\/wp\/v2\/types\/post"}],"author":[{"embeddable":true,"href":"https:\/\/congresogro.gob.mx\/63\/inicio\/wp-json\/wp\/v2\/users\/1"}],"replies":[{"embeddable":true,"href":"https:\/\/congresogro.gob.mx\/63\/inicio\/wp-json\/wp\/v2\/comments?post=2385"}],"version-history":[{"count":3,"href":"https:\/\/congresogro.gob.mx\/63\/inicio\/wp-json\/wp\/v2\/posts\/2385\/revisions"}],"predecessor-version":[{"id":2394,"href":"https:\/\/congresogro.gob.mx\/63\/inicio\/wp-json\/wp\/v2\/posts\/2385\/revisions\/2394"}],"wp:featuredmedia":[{"embeddable":true,"href":"https:\/\/congresogro.gob.mx\/63\/inicio\/wp-json\/wp\/v2\/media\/2387"}],"wp:attachment":[{"href":"https:\/\/congresogro.gob.mx\/63\/inicio\/wp-json\/wp\/v2\/media?parent=2385"}],"wp:term":[{"taxonomy":"category","embeddable":true,"href":"https:\/\/congresogro.gob.mx\/63\/inicio\/wp-json\/wp\/v2\/categories?post=2385"},{"taxonomy":"post_tag","embeddable":true,"href":"https:\/\/congresogro.gob.mx\/63\/inicio\/wp-json\/wp\/v2\/tags?post=2385"}],"curies":[{"name":"wp","href":"https:\/\/api.w.org\/{rel}","templated":true}]}}