{"id":2381,"date":"2022-03-07T09:04:38","date_gmt":"2022-03-07T15:04:38","guid":{"rendered":"https:\/\/congresogro.gob.mx\/63\/inicio\/?p=2381"},"modified":"2022-03-08T09:05:51","modified_gmt":"2022-03-08T15:05:51","slug":"firman-convenio-de-colaboracion-el-instituto-de-estudios-parlamentarios-eduardo-neri-y-la-universidad-autonoma-de-guerrero","status":"publish","type":"post","link":"https:\/\/congresogro.gob.mx\/63\/inicio\/2022\/03\/07\/firman-convenio-de-colaboracion-el-instituto-de-estudios-parlamentarios-eduardo-neri-y-la-universidad-autonoma-de-guerrero\/","title":{"rendered":"FIRMAN CONVENIO DE COLABORACI\u00d3N EL INSTITUTO DE ESTUDIOS PARLAMENTARIOS \u201cEDUARDO NERI\u201d Y LA UNIVERSIDAD AUT\u00d3NOMA DE GUERRERO"},"content":{"rendered":"<p style=\"text-align: justify;\"><strong>Chilpancingo, Gro., 07 de marzo de 2022.- <\/strong>El Congreso del Estado, a trav\u00e9s del Instituto de Estudios Parlamentarios \u201cEduardo Neri\u201d (IEPEN), firm\u00f3 un convenio de colaboraci\u00f3n con la Universidad Aut\u00f3noma de Guerrero (UAGro) para la realizaci\u00f3n de actividades conjuntas orientadas al intercambio acad\u00e9mico, intelectual, cultural, acervo hist\u00f3rico e investigaciones relacionadas con la materia legislativa.<\/p>\n<p style=\"text-align: justify;\">Al dar la bienvenida en su calidad de presidente del Comit\u00e9 del Instituto, el diputado Antonio Helguera Jim\u00e9nez manifest\u00f3 que este acontecimiento\u00a0es una muestra de que las instituciones del Estado est\u00e1n al servicio del pueblo de Guerrero, y que en unidad se alcanzan objetivos que sirven en la construcci\u00f3n de una sociedad de derechos, como lo ha venido haciendo la UAGro y el Congreso local.<\/p>\n<p style=\"text-align: justify;\">Por su parte, el presidente de la Junta de Coordinaci\u00f3n Pol\u00edtica (Jucopo), diputado Alfredo S\u00e1nchez Esquivel, refiri\u00f3 que la M\u00e1xima Casa de Estudios es una instituci\u00f3n de muchos a\u00f1os, cuya colaboraci\u00f3n y trabajo coordinado fortalecer\u00e1 el quehacer legislativo.<\/p>\n<p style=\"text-align: justify;\">En ese sentido, indic\u00f3 que todo lo que se requiera para que este instituto florezca, avance y logre frutos para el bien de Guerrero, tendr\u00e1 todo el respaldo de la Jucopo, y que de este convenio derivar\u00e1n muchos m\u00e1s con instituciones importantes del estado y el pa\u00eds.<\/p>\n<p style=\"text-align: justify;\">En su oportunidad, la presidenta de la Mesa Directiva, diputada Flor A\u00f1orve Ocampo, dijo que con la firma de colaboraci\u00f3n permitir\u00e1 trabajar de manera conjunta en muchos de los proyectos importantes que se tienen, tanto en el Congreso como en la Universidad. Asimismo, se\u00f1al\u00f3 que se debe buscar la manera de que haya revistas electr\u00f3nicas donde los j\u00f3venes puedan conectarse a distancia con ambas instituciones.<\/p>\n<p style=\"text-align: justify;\">\u201cEn este instituto se trabaja, y se trabaja fuerte. Qu\u00e9 bueno que hoy estamos firmando este convenio, porque representa una gran alianza que abrir\u00e1 las puertas al Poder Legislativo para estar en las distintas escuelas y centros de estudio\u201d, abund\u00f3.<\/p>\n<p style=\"text-align: justify;\">En su intervenci\u00f3n, el rector de la UAGro, Jos\u00e9 Alfredo Romero Olea, resalt\u00f3 la importancia de trabajar en el \u00e1mbito jur\u00eddico y estar al pendiente de todas las circunstancias que se van dando en el Poder Legislativo.<\/p>\n<p style=\"text-align: justify;\">Asegur\u00f3 asimismo que la Universidad tiene toda la disposici\u00f3n de poner al alcance el material que se requiera para la elaboraci\u00f3n de leyes m\u00e1s justas que beneficien en gran medida a las y los guerrerenses.<\/p>\n<p style=\"text-align: justify;\">En este acto celebrado en las instalaciones del IEPEN estuvieron presentes las y los diputados H\u00e9ctor Apreza Patr\u00f3n, Susana Paola Ju\u00e1rez G\u00f3mez, Elzy Camacho Pineda, Osbaldo R\u00edos Manrique, Fortunato Hern\u00e1ndez Carbajal y Joaqu\u00edn Badillo Escamilla.<\/p>\n","protected":false},"excerpt":{"rendered":"<p>Chilpancingo, Gro., 07 de marzo de 2022.- El Congreso del Estado, a trav\u00e9s del Instituto de Estudios Parlamentarios \u201cEduardo Neri\u201d (IEPEN), firm\u00f3 un convenio de colaboraci\u00f3n con la Universidad Aut\u00f3noma de Guerrero (UAGro) para la realizaci\u00f3n de actividades conjuntas orientadas al intercambio acad\u00e9mico, intelectual, cultural, acervo hist\u00f3rico e investigaciones relacionadas con la materia legislativa. Al&#8230;<\/p>\n","protected":false},"author":1,"featured_media":2383,"comment_status":"closed","ping_status":"open","sticky":false,"template":"","format":"standard","meta":{"_monsterinsights_skip_tracking":false,"_monsterinsights_sitenote_active":false,"_monsterinsights_sitenote_note":"","_monsterinsights_sitenote_category":0,"footnotes":""},"categories":[17,3],"tags":[],"class_list":["post-2381","post","type-post","status-publish","format-standard","has-post-thumbnail","hentry","category-antonio-helguera-jimenez","category-boletin"],"aioseo_notices":[],"_links":{"self":[{"href":"https:\/\/congresogro.gob.mx\/63\/inicio\/wp-json\/wp\/v2\/posts\/2381","targetHints":{"allow":["GET"]}}],"collection":[{"href":"https:\/\/congresogro.gob.mx\/63\/inicio\/wp-json\/wp\/v2\/posts"}],"about":[{"href":"https:\/\/congresogro.gob.mx\/63\/inicio\/wp-json\/wp\/v2\/types\/post"}],"author":[{"embeddable":true,"href":"https:\/\/congresogro.gob.mx\/63\/inicio\/wp-json\/wp\/v2\/users\/1"}],"replies":[{"embeddable":true,"href":"https:\/\/congresogro.gob.mx\/63\/inicio\/wp-json\/wp\/v2\/comments?post=2381"}],"version-history":[{"count":1,"href":"https:\/\/congresogro.gob.mx\/63\/inicio\/wp-json\/wp\/v2\/posts\/2381\/revisions"}],"predecessor-version":[{"id":2384,"href":"https:\/\/congresogro.gob.mx\/63\/inicio\/wp-json\/wp\/v2\/posts\/2381\/revisions\/2384"}],"wp:featuredmedia":[{"embeddable":true,"href":"https:\/\/congresogro.gob.mx\/63\/inicio\/wp-json\/wp\/v2\/media\/2383"}],"wp:attachment":[{"href":"https:\/\/congresogro.gob.mx\/63\/inicio\/wp-json\/wp\/v2\/media?parent=2381"}],"wp:term":[{"taxonomy":"category","embeddable":true,"href":"https:\/\/congresogro.gob.mx\/63\/inicio\/wp-json\/wp\/v2\/categories?post=2381"},{"taxonomy":"post_tag","embeddable":true,"href":"https:\/\/congresogro.gob.mx\/63\/inicio\/wp-json\/wp\/v2\/tags?post=2381"}],"curies":[{"name":"wp","href":"https:\/\/api.w.org\/{rel}","templated":true}]}}