{"id":2377,"date":"2022-03-07T09:03:31","date_gmt":"2022-03-07T15:03:31","guid":{"rendered":"https:\/\/congresogro.gob.mx\/63\/inicio\/?p=2377"},"modified":"2022-03-08T09:04:22","modified_gmt":"2022-03-08T15:04:22","slug":"desarrollan-conferencia-en-el-congreso-por-el-dia-internacional-de-la-mujer","status":"publish","type":"post","link":"https:\/\/congresogro.gob.mx\/63\/inicio\/2022\/03\/07\/desarrollan-conferencia-en-el-congreso-por-el-dia-internacional-de-la-mujer\/","title":{"rendered":"DESARROLLAN CONFERENCIA EN EL CONGRESO POR EL D\u00cdA INTERNACIONAL DE LA MUJER"},"content":{"rendered":"<p style=\"text-align: justify;\">En el marco del D\u00eda Internacional de la Mujer, en el Congreso del Estado se desarroll\u00f3 la conferencia \u00abLas Nuevas Masculinidades\u00bb, cuya inauguraci\u00f3n estuvo a cargo de la diputada Flor A\u00f1orve Ocampo, presidenta de la Mesa Directiva.<\/p>\n<p style=\"text-align: justify;\">La legisladora celebr\u00f3 que se realicen estas actividades que ayudan a que las mujeres est\u00e9n m\u00e1s preparadas y capacitadas para salir del entorno de violencia f\u00edsica y psicol\u00f3gica en que muchas veces se encuentran.<\/p>\n<p style=\"text-align: justify;\">Asistieron tambi\u00e9n la diputada Ana Lenis Res\u00e9ndiz Javier, vocal de la Junta de Coordinaci\u00f3n Pol\u00edtica; el encargado despacho de la Secretar\u00eda de Recursos Financieros y Administrativos, Crist\u00f3bal Soto Cabrera, y la secretaria general de la Secci\u00f3n LV del SUSPEG, Mar\u00eda Teresa Abarca Romero.<\/p>\n<p style=\"text-align: justify;\">En la clausura participaron las diputadas Gabriela Bernal Res\u00e9ndiz, Estrella de la Paz Bernal y el diputado Joaqu\u00edn Badillo Escamilla.<\/p>\n","protected":false},"excerpt":{"rendered":"<p>En el marco del D\u00eda Internacional de la Mujer, en el Congreso del Estado se desarroll\u00f3 la conferencia \u00abLas Nuevas Masculinidades\u00bb, cuya inauguraci\u00f3n estuvo a cargo de la diputada Flor A\u00f1orve Ocampo, presidenta de la Mesa Directiva. La legisladora celebr\u00f3 que se realicen estas actividades que ayudan a que las mujeres est\u00e9n m\u00e1s preparadas y&#8230;<\/p>\n","protected":false},"author":1,"featured_media":2379,"comment_status":"closed","ping_status":"open","sticky":false,"template":"","format":"standard","meta":{"_monsterinsights_skip_tracking":false,"_monsterinsights_sitenote_active":false,"_monsterinsights_sitenote_note":"","_monsterinsights_sitenote_category":0,"footnotes":""},"categories":[3],"tags":[],"class_list":["post-2377","post","type-post","status-publish","format-standard","has-post-thumbnail","hentry","category-boletin"],"aioseo_notices":[],"_links":{"self":[{"href":"https:\/\/congresogro.gob.mx\/63\/inicio\/wp-json\/wp\/v2\/posts\/2377","targetHints":{"allow":["GET"]}}],"collection":[{"href":"https:\/\/congresogro.gob.mx\/63\/inicio\/wp-json\/wp\/v2\/posts"}],"about":[{"href":"https:\/\/congresogro.gob.mx\/63\/inicio\/wp-json\/wp\/v2\/types\/post"}],"author":[{"embeddable":true,"href":"https:\/\/congresogro.gob.mx\/63\/inicio\/wp-json\/wp\/v2\/users\/1"}],"replies":[{"embeddable":true,"href":"https:\/\/congresogro.gob.mx\/63\/inicio\/wp-json\/wp\/v2\/comments?post=2377"}],"version-history":[{"count":1,"href":"https:\/\/congresogro.gob.mx\/63\/inicio\/wp-json\/wp\/v2\/posts\/2377\/revisions"}],"predecessor-version":[{"id":2380,"href":"https:\/\/congresogro.gob.mx\/63\/inicio\/wp-json\/wp\/v2\/posts\/2377\/revisions\/2380"}],"wp:featuredmedia":[{"embeddable":true,"href":"https:\/\/congresogro.gob.mx\/63\/inicio\/wp-json\/wp\/v2\/media\/2379"}],"wp:attachment":[{"href":"https:\/\/congresogro.gob.mx\/63\/inicio\/wp-json\/wp\/v2\/media?parent=2377"}],"wp:term":[{"taxonomy":"category","embeddable":true,"href":"https:\/\/congresogro.gob.mx\/63\/inicio\/wp-json\/wp\/v2\/categories?post=2377"},{"taxonomy":"post_tag","embeddable":true,"href":"https:\/\/congresogro.gob.mx\/63\/inicio\/wp-json\/wp\/v2\/tags?post=2377"}],"curies":[{"name":"wp","href":"https:\/\/api.w.org\/{rel}","templated":true}]}}